{"id":194506,"date":"2024-10-10T08:19:03","date_gmt":"2024-10-10T12:19:03","guid":{"rendered":"https:\/\/mspontocom.com.br\/site\/?p=194506"},"modified":"2024-10-10T08:19:03","modified_gmt":"2024-10-10T12:19:03","slug":"sebrae-ms-abre-vagas-de-emprego-com-salario-de-r-6-mil","status":"publish","type":"post","link":"https:\/\/mspontocom.com.br\/site\/sebrae-ms-abre-vagas-de-emprego-com-salario-de-r-6-mil\/","title":{"rendered":"Sebrae MS abre vagas de emprego com sal\u00e1rio de R$ 6 mil"},"content":{"rendered":"<p style=\"text-align: justify;\"><img loading=\"lazy\" class=\"alignnone size-full wp-image-194512\" src=\"https:\/\/mspontocom.com.br\/site\/wp-content\/uploads\/2024\/10\/site-sebrae-esta-com-inscricoes-abertas-para-processo-seletivo-em-varias-areas-de-atuacao-sebrae2.jpg\" alt=\"\" width=\"920\" height=\"489\" srcset=\"https:\/\/mspontocom.com.br\/site\/wp-content\/uploads\/2024\/10\/site-sebrae-esta-com-inscricoes-abertas-para-processo-seletivo-em-varias-areas-de-atuacao-sebrae2.jpg 920w, https:\/\/mspontocom.com.br\/site\/wp-content\/uploads\/2024\/10\/site-sebrae-esta-com-inscricoes-abertas-para-processo-seletivo-em-varias-areas-de-atuacao-sebrae2-260x138.jpg 260w, https:\/\/mspontocom.com.br\/site\/wp-content\/uploads\/2024\/10\/site-sebrae-esta-com-inscricoes-abertas-para-processo-seletivo-em-varias-areas-de-atuacao-sebrae2-768x408.jpg 768w\" sizes=\"(max-width: 920px) 100vw, 920px\" \/>O Sebrae\/MS est\u00e1 com processo seletivo aberto para selecionar profissionais de n\u00edvel superior completo em v\u00e1rias \u00e1reas de atua\u00e7\u00e3o, como Administra\u00e7\u00e3o, Ci\u00eancias Cont\u00e1beis, Com\u00e9rcio Exterior, Direito, Gest\u00e3o Empresarial, Marketing, Psicologia, Processos Gerenciais, Publicidade e Propaganda, entre outras.<\/p>\n<p style=\"text-align: justify;\">As inscri\u00e7\u00f5es devem ser feitas at\u00e9 o dia <strong>16 de outubro<\/strong>, no site da Funda\u00e7\u00e3o de Apoio a Pesquisa, Ensino, Tecnologia e Cultura (Fapetec).<\/p>\n<p style=\"text-align: justify;\">As vagas s\u00e3o para cadastro de reserva nas cidades de Campo Grande, Navira\u00ed e Nova Andradina.<\/p>\n<p style=\"text-align: justify;\"><strong>O sal\u00e1rio inicial \u00e9 de R$ 6.076,02<\/strong> e os selecionados receber\u00e3o benef\u00edcios como assist\u00eancia m\u00e9dico-hospitalar, assist\u00eancia odontol\u00f3gica, plano de previd\u00eancia privada, seguro de vida em grupo, aux\u00edlio alimenta\u00e7\u00e3o\/refei\u00e7\u00e3o, vale-transporte e aux\u00edlio-creche para mulheres com filhos com idade at\u00e9 tr\u00eas anos e 11 meses e\/ou crian\u00e7as com defici\u00eancia ou com condi\u00e7\u00e3o incapacitante.<\/p>\n<p style=\"text-align: justify;\">O processo seletivo \u00e9 composto por etapas como an\u00e1lise curricular e documental, avalia\u00e7\u00e3o de conhecimentos, avalia\u00e7\u00e3o de perfil e entrevista individual por compet\u00eancias.<\/p>\n<p style=\"text-align: justify;\"><strong>Al\u00e9m disso, o Sebrae\/MS tamb\u00e9m est\u00e1 com inscri\u00e7\u00f5es abertas para vaga de Assistente N\u00edvel II exclusiva para Pessoas Com Defici\u00eancia (PcD), em Campo Grande. <\/strong><\/p>\n<p style=\"text-align: justify;\">Com sal\u00e1rio de R$ 3.726,28 mais os benef\u00edcios j\u00e1 citados, para se inscrever \u00e9 necess\u00e1rio ter o Ensino M\u00e9dio completo e experi\u00eancia profissional em atendimento ao cliente de, no m\u00ednimo, de seis meses.<\/p>\n<p style=\"text-align: justify;\">Mais informa\u00e7\u00f5es e inscri\u00e7\u00f5es no site da Fapetec, em:\u00a0<a href=\"https:\/\/t.rdsv1.net\/ls\/click?upn=u001.aQ28ypuDX86H4-2F-2BaJiGSUBtKe8zCUpfRp-2B-2B35hMqCoHlnNBsp69-2BiwpgvJ2TjmfiXHZBraPR1-2B27GeU3AFvRGDL-2FlgRL6KIcSAOtFiqqJOyIJlQMfudTdKlHHIXgjt6BfudFwUpRpOXpfA5kdnQbOCbEFsbzG-2BpkHAeCsT8WOm0ZF4T0HUJSyY-2FzbFG68c-2FFBBN4E47J8v-2F5O6zUBMBGXNo-2B6PpYSCooqnZEucZSYh-2BovlnuCKZbYL7fKv25ar-2B3VJB1_AtvsGRYvLaLcWf5cEChDrbkrfChlfOxJ4Tffp-2BExVrUwXWIkDksoB1FgTlATvaAhJEKV5OYOUvOMNwCtvCyPeihHjivH-2FLmc9kWtdv6J8LHxjsjXb6A4agcJlhj2RqHM7XqpREAWEnN2bofinCXWNOHrrWEVt7ZzEYiEDSxZLANeXWQ5AwJTpxAjFnH-2F8Bu6N2AIgPky1SujZy0r4LN7xhnuJzxduNBVqU4JbtSThJ5cUBOUU2-2FufVBOCiwFJsVdgr-2FoIY5yIwUqyD-2B5gIKh20tu8quikZTpsdTwOL-2BnjsxAH3m3ljp1Gmch-2BWu2e-2FhC-2FADiuSGXOUWEQLWFTSO8kcZhLQnjeLjwg06ecFhh6-2BaSmS4Vhrgbg6sbzJuNQizzvZ6X5ZS9cBzlWW51LzIhSWAuN9MibsEhmqyPgWWnHQcJjWs10Fs5iEKeBg305X2s8yqO3QoRFUWi8lAPBGUFXPJyYcDzoCWbUkxfks8HFGv-2BpPYjy1K1F4jaFxaC2lzLKhR48EnnQfSzNPSBy0vnfuQC9bN92lLbtAjZhoo3DGyv70mBTN6PHlbvI73YVGiOzc610rCUHdcnsY3nsedA-2B64NeUgSeXJ7LzanYfHna-2BD7SecATYSQfBcgoiral61ZLo-2F-2FlCR1bHW3ucDZ220El88lWUdnhrLP33algZgKIyBRiriiIA7b8Z-2Bl0iSYBPX-2Bwj8l735cgF0PoGvZK564wFUsJWzBXFKbQsq3q0l7TXm5KXHDR49INPSsbr2LhfGK\" target=\"_blank\" rel=\"noopener\" data-saferedirecturl=\"https:\/\/www.google.com\/url?q=https:\/\/t.rdsv1.net\/ls\/click?upn%3Du001.aQ28ypuDX86H4-2F-2BaJiGSUBtKe8zCUpfRp-2B-2B35hMqCoHlnNBsp69-2BiwpgvJ2TjmfiXHZBraPR1-2B27GeU3AFvRGDL-2FlgRL6KIcSAOtFiqqJOyIJlQMfudTdKlHHIXgjt6BfudFwUpRpOXpfA5kdnQbOCbEFsbzG-2BpkHAeCsT8WOm0ZF4T0HUJSyY-2FzbFG68c-2FFBBN4E47J8v-2F5O6zUBMBGXNo-2B6PpYSCooqnZEucZSYh-2BovlnuCKZbYL7fKv25ar-2B3VJB1_AtvsGRYvLaLcWf5cEChDrbkrfChlfOxJ4Tffp-2BExVrUwXWIkDksoB1FgTlATvaAhJEKV5OYOUvOMNwCtvCyPeihHjivH-2FLmc9kWtdv6J8LHxjsjXb6A4agcJlhj2RqHM7XqpREAWEnN2bofinCXWNOHrrWEVt7ZzEYiEDSxZLANeXWQ5AwJTpxAjFnH-2F8Bu6N2AIgPky1SujZy0r4LN7xhnuJzxduNBVqU4JbtSThJ5cUBOUU2-2FufVBOCiwFJsVdgr-2FoIY5yIwUqyD-2B5gIKh20tu8quikZTpsdTwOL-2BnjsxAH3m3ljp1Gmch-2BWu2e-2FhC-2FADiuSGXOUWEQLWFTSO8kcZhLQnjeLjwg06ecFhh6-2BaSmS4Vhrgbg6sbzJuNQizzvZ6X5ZS9cBzlWW51LzIhSWAuN9MibsEhmqyPgWWnHQcJjWs10Fs5iEKeBg305X2s8yqO3QoRFUWi8lAPBGUFXPJyYcDzoCWbUkxfks8HFGv-2BpPYjy1K1F4jaFxaC2lzLKhR48EnnQfSzNPSBy0vnfuQC9bN92lLbtAjZhoo3DGyv70mBTN6PHlbvI73YVGiOzc610rCUHdcnsY3nsedA-2B64NeUgSeXJ7LzanYfHna-2BD7SecATYSQfBcgoiral61ZLo-2F-2FlCR1bHW3ucDZ220El88lWUdnhrLP33algZgKIyBRiriiIA7b8Z-2Bl0iSYBPX-2Bwj8l735cgF0PoGvZK564wFUsJWzBXFKbQsq3q0l7TXm5KXHDR49INPSsbr2LhfGK&amp;source=gmail&amp;ust=1728646799304000&amp;usg=AOvVaw3JBrtAGaNTtwnD5qF3yICe\">https:\/\/fapetec.selecao.net.<wbr \/>br\/<\/a>.<\/p>\n<p style=\"text-align: justify;\">Continue em nossa companhia. Veja mais not\u00edcias em: <a href=\"http:\/\/www.mspontocom.com.br\">www.mspontocom.com.br<\/a><\/p>\n<p style=\"text-align: justify;\">Instagram :\u00a0 @mspontocom<\/p>\n","protected":false},"excerpt":{"rendered":"<p>O Sebrae\/MS est\u00e1 com processo seletivo aberto para selecionar profissionais de n\u00edvel superior completo em v\u00e1rias \u00e1reas de atua\u00e7\u00e3o, como Administra\u00e7\u00e3o, Ci\u00eancias Cont\u00e1beis, Com\u00e9rcio Exterior, Direito, Gest\u00e3o Empresarial, Marketing, Psicologia, Processos Gerenciais, Publicidade e Propaganda, entre outras. As inscri\u00e7\u00f5es devem ser feitas at\u00e9 o dia 16 de outubro, no site da Funda\u00e7\u00e3o de Apoio a [&hellip;]<\/p>\n","protected":false},"author":2,"featured_media":194512,"comment_status":"open","ping_status":"open","sticky":false,"template":"","format":"standard","meta":{"_monsterinsights_skip_tracking":false,"_monsterinsights_sitenote_active":false,"_monsterinsights_sitenote_note":"","_monsterinsights_sitenote_category":0},"categories":[28176,74],"tags":[540,42010,6321,347],"aioseo_notices":[],"_links":{"self":[{"href":"https:\/\/mspontocom.com.br\/site\/wp-json\/wp\/v2\/posts\/194506"}],"collection":[{"href":"https:\/\/mspontocom.com.br\/site\/wp-json\/wp\/v2\/posts"}],"about":[{"href":"https:\/\/mspontocom.com.br\/site\/wp-json\/wp\/v2\/types\/post"}],"author":[{"embeddable":true,"href":"https:\/\/mspontocom.com.br\/site\/wp-json\/wp\/v2\/users\/2"}],"replies":[{"embeddable":true,"href":"https:\/\/mspontocom.com.br\/site\/wp-json\/wp\/v2\/comments?post=194506"}],"version-history":[{"count":2,"href":"https:\/\/mspontocom.com.br\/site\/wp-json\/wp\/v2\/posts\/194506\/revisions"}],"predecessor-version":[{"id":194513,"href":"https:\/\/mspontocom.com.br\/site\/wp-json\/wp\/v2\/posts\/194506\/revisions\/194513"}],"wp:featuredmedia":[{"embeddable":true,"href":"https:\/\/mspontocom.com.br\/site\/wp-json\/wp\/v2\/media\/194512"}],"wp:attachment":[{"href":"https:\/\/mspontocom.com.br\/site\/wp-json\/wp\/v2\/media?parent=194506"}],"wp:term":[{"taxonomy":"category","embeddable":true,"href":"https:\/\/mspontocom.com.br\/site\/wp-json\/wp\/v2\/categories?post=194506"},{"taxonomy":"post_tag","embeddable":true,"href":"https:\/\/mspontocom.com.br\/site\/wp-json\/wp\/v2\/tags?post=194506"}],"curies":[{"name":"wp","href":"https:\/\/api.w.org\/{rel}","templated":true}]}}