{"id":194529,"date":"2024-10-11T07:51:38","date_gmt":"2024-10-11T11:51:38","guid":{"rendered":"https:\/\/mspontocom.com.br\/site\/?p=194529"},"modified":"2024-10-11T07:52:57","modified_gmt":"2024-10-11T11:52:57","slug":"aos-filhos-da-terra-e-a-quem-adotou-mato-grosso-do-sul-como-lar","status":"publish","type":"post","link":"https:\/\/mspontocom.com.br\/site\/aos-filhos-da-terra-e-a-quem-adotou-mato-grosso-do-sul-como-lar\/","title":{"rendered":"Aos filhos da terra e a quem adotou Mato Grosso do Sul como lar"},"content":{"rendered":"<p style=\"text-align: justify;\"><img loading=\"lazy\" class=\"alignnone size-full wp-image-194532\" src=\"https:\/\/mspontocom.com.br\/site\/wp-content\/uploads\/2024\/10\/site-aos-filhos-da-terra-e-a-quem-adotou-mato-grosss-como-lar-ms1.jpg\" alt=\"\" width=\"680\" height=\"452\" srcset=\"https:\/\/mspontocom.com.br\/site\/wp-content\/uploads\/2024\/10\/site-aos-filhos-da-terra-e-a-quem-adotou-mato-grosss-como-lar-ms1.jpg 680w, https:\/\/mspontocom.com.br\/site\/wp-content\/uploads\/2024\/10\/site-aos-filhos-da-terra-e-a-quem-adotou-mato-grosss-como-lar-ms1-260x173.jpg 260w\" sizes=\"(max-width: 680px) 100vw, 680px\" \/>Em Mato Grosso do Sul, um estado marcado por fortes la\u00e7os com migrantes de v\u00e1rias partes do Brasil e do mundo, os programas sociais acolhem tanto aqueles que chegam em momentos dif\u00edceis quanto os que j\u00e1 vivem aqui e necessitam de apoio.<\/p>\n<p style=\"text-align: justify;\">O Mais Social \u00e9 um desses programas.<\/p>\n<p style=\"text-align: justify;\">Com um benef\u00edcio mensal de R$ 450, ele permite que fam\u00edlias inteiras garantam alimento na mesa enquanto tra\u00e7am novos horizontes e oportunidades em nosso estado.<\/p>\n<p style=\"text-align: justify;\">Al\u00e9m de cobrir os custos alimentares, o programa tamb\u00e9m ajuda em outras necessidades b\u00e1sicas, como a compra de g\u00e1s de cozinha.<\/p>\n<p style=\"text-align: justify;\">Os programas \u201cEnergia Social: Conta de Luz Zero\u201d, \u201cMS Supera\u201d e \u201cCuidar de Quem Cuida\u201d s\u00e3o tamb\u00e9m s\u00e3o iniciativas do governo de Mato Grosso do Sul, voltadas para fam\u00edlias em vulnerabilidade social e completam uma gama de atendimento \u00e0 popula\u00e7\u00e3o.<\/p>\n<p style=\"text-align: justify;\">O Energia Social isenta fam\u00edlias de baixa renda do pagamento da conta de luz, aliviando o or\u00e7amento\u00a0dom\u00e9stico.<\/p>\n<p style=\"text-align: justify;\">O MS Supera \u00e9 um programa de apoio para que o estudante conclua seus estudos.<\/p>\n<p style=\"text-align: justify;\">J\u00e1 o Cuidar de Quem Cuida oferece benef\u00edcio financeiro a cuidadores de pessoas com defici\u00eancia grau II ou III.<\/p>\n<p style=\"text-align: justify;\">No site da Sead (<a href=\"http:\/\/www.sead.ms.gov.br\/\">www.sead.ms.gov.br<\/a>) \u00e9 poss\u00edvel saber mais sobre todos os programas sociais de Mato Grosso do Sul.<\/p>\n<p style=\"text-align: justify;\"><em>fonte: Leomar Alves Rosa, Comunica\u00e7\u00e3o\u00a0<\/em><\/p>\n","protected":false},"excerpt":{"rendered":"<p>Em Mato Grosso do Sul, um estado marcado por fortes la\u00e7os com migrantes de v\u00e1rias partes do Brasil e do mundo, os programas sociais acolhem tanto aqueles que chegam em momentos dif\u00edceis quanto os que j\u00e1 vivem aqui e necessitam de apoio. O Mais Social \u00e9 um desses programas. Com um benef\u00edcio mensal de R$ [&hellip;]<\/p>\n","protected":false},"author":2,"featured_media":194532,"comment_status":"open","ping_status":"open","sticky":false,"template":"","format":"standard","meta":{"_monsterinsights_skip_tracking":false,"_monsterinsights_sitenote_active":false,"_monsterinsights_sitenote_note":"","_monsterinsights_sitenote_category":0},"categories":[74],"tags":[],"aioseo_notices":[],"_links":{"self":[{"href":"https:\/\/mspontocom.com.br\/site\/wp-json\/wp\/v2\/posts\/194529"}],"collection":[{"href":"https:\/\/mspontocom.com.br\/site\/wp-json\/wp\/v2\/posts"}],"about":[{"href":"https:\/\/mspontocom.com.br\/site\/wp-json\/wp\/v2\/types\/post"}],"author":[{"embeddable":true,"href":"https:\/\/mspontocom.com.br\/site\/wp-json\/wp\/v2\/users\/2"}],"replies":[{"embeddable":true,"href":"https:\/\/mspontocom.com.br\/site\/wp-json\/wp\/v2\/comments?post=194529"}],"version-history":[{"count":3,"href":"https:\/\/mspontocom.com.br\/site\/wp-json\/wp\/v2\/posts\/194529\/revisions"}],"predecessor-version":[{"id":194533,"href":"https:\/\/mspontocom.com.br\/site\/wp-json\/wp\/v2\/posts\/194529\/revisions\/194533"}],"wp:featuredmedia":[{"embeddable":true,"href":"https:\/\/mspontocom.com.br\/site\/wp-json\/wp\/v2\/media\/194532"}],"wp:attachment":[{"href":"https:\/\/mspontocom.com.br\/site\/wp-json\/wp\/v2\/media?parent=194529"}],"wp:term":[{"taxonomy":"category","embeddable":true,"href":"https:\/\/mspontocom.com.br\/site\/wp-json\/wp\/v2\/categories?post=194529"},{"taxonomy":"post_tag","embeddable":true,"href":"https:\/\/mspontocom.com.br\/site\/wp-json\/wp\/v2\/tags?post=194529"}],"curies":[{"name":"wp","href":"https:\/\/api.w.org\/{rel}","templated":true}]}}