{"id":194582,"date":"2024-10-15T09:15:38","date_gmt":"2024-10-15T13:15:38","guid":{"rendered":"https:\/\/mspontocom.com.br\/site\/?p=194582"},"modified":"2024-10-15T09:15:38","modified_gmt":"2024-10-15T13:15:38","slug":"governo-de-ms-e-petrobras-aceleram-cronograma-da-ufn3","status":"publish","type":"post","link":"https:\/\/mspontocom.com.br\/site\/governo-de-ms-e-petrobras-aceleram-cronograma-da-ufn3\/","title":{"rendered":"Governo de MS e Petrobras aceleram cronograma da UFN3"},"content":{"rendered":"<p style=\"text-align: justify;\"><img loading=\"lazy\" class=\"alignnone size-full wp-image-194594\" src=\"https:\/\/mspontocom.com.br\/site\/wp-content\/uploads\/2024\/10\/site-governo-de-ms-e-petrobras-aceleram-cronograma-da-ufn3-uf.jpeg\" alt=\"\" width=\"730\" height=\"480\" srcset=\"https:\/\/mspontocom.com.br\/site\/wp-content\/uploads\/2024\/10\/site-governo-de-ms-e-petrobras-aceleram-cronograma-da-ufn3-uf.jpeg 730w, https:\/\/mspontocom.com.br\/site\/wp-content\/uploads\/2024\/10\/site-governo-de-ms-e-petrobras-aceleram-cronograma-da-ufn3-uf-260x171.jpeg 260w\" sizes=\"(max-width: 730px) 100vw, 730px\" \/>Empreendimento estrat\u00e9gico para Mato Grosso do Sul e o pa\u00eds , a UFN3 segue dentro do cronograma para retomada da f\u00e1brica de fertilizantes.<\/p>\n<p style=\"text-align: justify;\">A confirma\u00e7\u00e3o desse cen\u00e1rio foi feita pelo governador Eduardo Riedel, que esteve na sede da Petrobras para uma reuni\u00e3o com a presidente da estatal, Magda Chambriard, no Rio de Janeiro (RJ).<\/p>\n<p style=\"text-align: justify;\">Durante o encontro foram tratadas as principais quest\u00f5es envolvendo a UFN3 e discutido o andamento da situa\u00e7\u00e3o da f\u00e1brica, que deve ter os pr\u00f3ximos passos para sua retomada anunciados nos pr\u00f3ximos meses pela companhia, a principal estatal brasileira.<\/p>\n<p style=\"text-align: justify;\">Riedel disse que as not\u00edcias ali recebidas na visita s\u00e3o importantes para &#8220;avan\u00e7ar naquilo que \u00e9 uma mudan\u00e7a estrutural para o Mato Grosso do Sul e para o Centro-Oeste no que diz respeito a fertilizantes&#8221;.<\/p>\n<p style=\"text-align: justify;\">Essa foi a primeira conversa feita pessoalmente entre o Executivo de Mato Grosso do Sul com a nova presid\u00eancia da Petrobras.<\/p>\n<p style=\"text-align: justify;\"><strong>A UFN3<\/strong><\/p>\n<p style=\"text-align: justify;\">A conclus\u00e3o das obras e funcionamento da UFN3 \u00e9 muito aguardada pela popula\u00e7\u00e3o e autoridades do Mato Grosso do Sul devido a sua import\u00e2ncia para fortalecer a economia da regi\u00e3o, com gera\u00e7\u00e3o de empregos e aumento de renda, al\u00e9m de impulsionar as atividades econ\u00f4micas ao redor.<\/p>\n<p style=\"text-align: justify;\">A estimativa \u00e9 que sejam gerados at\u00e9 oito mil empregos diretos e indiretos com as obras de finaliza\u00e7\u00e3o da planta.<\/p>\n<p style=\"text-align: justify;\">A obra da Petrobras come\u00e7ou em 2011 e foi paralisada em dezembro de 2014, com 81% dos trabalhos conclu\u00eddos &#8211; ou seja, faltando apenas 1\/5 para seu t\u00e9rmino.<\/p>\n<p style=\"text-align: justify;\">\n<div id=\"gallery-3\" class=\"gallery galleryid-493320 gallery-columns-1 gallery-size-large\">\n<div class=\"gallery-icon landscape\" style=\"text-align: justify;\"><em>fonte: Comunica\u00e7\u00e3o\u00a0 MS<\/em><br \/>\n<em>Foto: Tayana Vaz<\/em><\/div>\n<div>\n<p style=\"text-align: justify;\">Continue em nossa companhia. Veja mais not\u00edcias em: <a href=\"http:\/\/www.mspontocom.com.br\">www.mspontocom.com.br<\/a><\/p>\n<p style=\"text-align: justify;\">Instagram \u00a0e X:\u00a0 @mspontocom<\/p>\n<\/div>\n<\/div>\n","protected":false},"excerpt":{"rendered":"<p>Empreendimento estrat\u00e9gico para Mato Grosso do Sul e o pa\u00eds , a UFN3 segue dentro do cronograma para retomada da f\u00e1brica de fertilizantes. A confirma\u00e7\u00e3o desse cen\u00e1rio foi feita pelo governador Eduardo Riedel, que esteve na sede da Petrobras para uma reuni\u00e3o com a presidente da estatal, Magda Chambriard, no Rio de Janeiro (RJ). Durante [&hellip;]<\/p>\n","protected":false},"author":2,"featured_media":194594,"comment_status":"open","ping_status":"open","sticky":false,"template":"","format":"standard","meta":{"_monsterinsights_skip_tracking":false,"_monsterinsights_sitenote_active":false,"_monsterinsights_sitenote_note":"","_monsterinsights_sitenote_category":0},"categories":[74],"tags":[24891,649,1243,31659],"aioseo_notices":[],"_links":{"self":[{"href":"https:\/\/mspontocom.com.br\/site\/wp-json\/wp\/v2\/posts\/194582"}],"collection":[{"href":"https:\/\/mspontocom.com.br\/site\/wp-json\/wp\/v2\/posts"}],"about":[{"href":"https:\/\/mspontocom.com.br\/site\/wp-json\/wp\/v2\/types\/post"}],"author":[{"embeddable":true,"href":"https:\/\/mspontocom.com.br\/site\/wp-json\/wp\/v2\/users\/2"}],"replies":[{"embeddable":true,"href":"https:\/\/mspontocom.com.br\/site\/wp-json\/wp\/v2\/comments?post=194582"}],"version-history":[{"count":3,"href":"https:\/\/mspontocom.com.br\/site\/wp-json\/wp\/v2\/posts\/194582\/revisions"}],"predecessor-version":[{"id":194596,"href":"https:\/\/mspontocom.com.br\/site\/wp-json\/wp\/v2\/posts\/194582\/revisions\/194596"}],"wp:featuredmedia":[{"embeddable":true,"href":"https:\/\/mspontocom.com.br\/site\/wp-json\/wp\/v2\/media\/194594"}],"wp:attachment":[{"href":"https:\/\/mspontocom.com.br\/site\/wp-json\/wp\/v2\/media?parent=194582"}],"wp:term":[{"taxonomy":"category","embeddable":true,"href":"https:\/\/mspontocom.com.br\/site\/wp-json\/wp\/v2\/categories?post=194582"},{"taxonomy":"post_tag","embeddable":true,"href":"https:\/\/mspontocom.com.br\/site\/wp-json\/wp\/v2\/tags?post=194582"}],"curies":[{"name":"wp","href":"https:\/\/api.w.org\/{rel}","templated":true}]}}