{"id":194623,"date":"2024-10-16T06:15:31","date_gmt":"2024-10-16T10:15:31","guid":{"rendered":"https:\/\/mspontocom.com.br\/site\/?p=194623"},"modified":"2024-10-16T09:30:16","modified_gmt":"2024-10-16T13:30:16","slug":"nesta-quinta-feira-17-235-vagas-de-emprego-que-nao-exigem-experiencia-serao-oferecidas-em-campo-grande","status":"publish","type":"post","link":"https:\/\/mspontocom.com.br\/site\/nesta-quinta-feira-17-235-vagas-de-emprego-que-nao-exigem-experiencia-serao-oferecidas-em-campo-grande\/","title":{"rendered":"Nesta quinta-feira (17) 235 vagas de emprego que n\u00e3o exigem experi\u00eancia ser\u00e3o oferecidas em Campo Grande"},"content":{"rendered":"<p dir=\"ltr\" style=\"text-align: justify;\"><img loading=\"lazy\" class=\"alignnone size-full wp-image-194624\" src=\"https:\/\/mspontocom.com.br\/site\/wp-content\/uploads\/2024\/10\/site-nesta-quinta-feira-17-235-vagas-de-emprego-que-nao-exigem-experiencia-serao-oferecidas-em-campo-grande-carteira-vagas.jpg\" alt=\"\" width=\"850\" height=\"550\" srcset=\"https:\/\/mspontocom.com.br\/site\/wp-content\/uploads\/2024\/10\/site-nesta-quinta-feira-17-235-vagas-de-emprego-que-nao-exigem-experiencia-serao-oferecidas-em-campo-grande-carteira-vagas.jpg 850w, https:\/\/mspontocom.com.br\/site\/wp-content\/uploads\/2024\/10\/site-nesta-quinta-feira-17-235-vagas-de-emprego-que-nao-exigem-experiencia-serao-oferecidas-em-campo-grande-carteira-vagas-260x168.jpg 260w, https:\/\/mspontocom.com.br\/site\/wp-content\/uploads\/2024\/10\/site-nesta-quinta-feira-17-235-vagas-de-emprego-que-nao-exigem-experiencia-serao-oferecidas-em-campo-grande-carteira-vagas-768x497.jpg 768w\" sizes=\"(max-width: 850px) 100vw, 850px\" \/>A rede de atacarejo do Grupo Pereira, Fort Atacadista, realiza nesta quinta-feira, dia 17, um feir\u00e3o de empregos com 235 vagas para todas as suas lojas da capital com contrata\u00e7\u00e3o imediata.<\/p>\n<p dir=\"ltr\" style=\"text-align: justify;\">Todas as ocupa\u00e7\u00f5es s\u00e3o inclusivas e n\u00e3o exigem experi\u00eancia.<\/p>\n<p dir=\"ltr\" style=\"text-align: justify;\">O Grupo Pereira possui ainda a\u00e7\u00f5es de inclus\u00e3o de etnia, g\u00eanero e para PCDs; e tamb\u00e9m combate ao etarismo, oferecendo oportunidades \u00e0s pessoas com mais de 50 anos e para aqueles que est\u00e3o em busca do primeiro emprego.<\/p>\n<p dir=\"ltr\" style=\"text-align: justify;\">Os cargos ofertados n\u00e3o exigem experi\u00eancia e os benef\u00edcios para os funcion\u00e1rios incluem: seguro de vida, assist\u00eancia odontol\u00f3gica, alimenta\u00e7\u00e3o na empresa (caf\u00e9 da manh\u00e3, almo\u00e7o\/jantar), kit maternidade, suporte social (assist\u00eancia social, jur\u00eddica, financeira, psicol\u00f3gica e previdenci\u00e1ria) aos funcion\u00e1rios e grupo familiar, cr\u00e9dito consignado ap\u00f3s 1 ano de empresa e o Vuon Card (cart\u00e3o de cr\u00e9dito com desconto em compras no Fort Atacadista e no Supermercado Comper). Algumas fun\u00e7\u00f5es tamb\u00e9m remuneram por produtividade.<\/p>\n<p dir=\"ltr\" style=\"text-align: justify;\">O feir\u00e3o acontecer\u00e1 das 8 \u00e0s 17 horas e os interessados devem comparecer \u00e0 unidade de sua prefer\u00eancia, munidos dos documentos pessoais e curr\u00edculo.<\/p>\n<p style=\"text-align: justify;\">\n<p dir=\"ltr\" style=\"text-align: justify;\">As 235 vagas est\u00e3o distribu\u00eddas entre os cargos de:<\/p>\n<ul style=\"text-align: justify;\">\n<li dir=\"ltr\">\n<p dir=\"ltr\" role=\"presentation\">Operadores de Caixa;<\/p>\n<\/li>\n<li dir=\"ltr\">\n<p dir=\"ltr\" role=\"presentation\">Auxiliares de carga e descarga;<\/p>\n<\/li>\n<li dir=\"ltr\">\n<p dir=\"ltr\" role=\"presentation\">Auxiliares de padaria;<\/p>\n<\/li>\n<li dir=\"ltr\">\n<p dir=\"ltr\" role=\"presentation\">Auxiliares de perec\u00edveis;<\/p>\n<\/li>\n<li dir=\"ltr\">\n<p dir=\"ltr\" role=\"presentation\">Auxiliares de preven\u00e7\u00e3o;<\/p>\n<\/li>\n<li dir=\"ltr\">\n<p dir=\"ltr\" role=\"presentation\">Auxiliares de servi\u00e7os gerais;<\/p>\n<\/li>\n<li dir=\"ltr\">\n<p dir=\"ltr\" role=\"presentation\">Repositores de mercadorias;<\/p>\n<\/li>\n<li dir=\"ltr\">\n<p dir=\"ltr\" role=\"presentation\">Promotor de carnes;<\/p>\n<\/li>\n<li dir=\"ltr\">\n<p dir=\"ltr\" role=\"presentation\">T\u00e9cnico em carnes;<\/p>\n<\/li>\n<li dir=\"ltr\">\n<p dir=\"ltr\" role=\"presentation\">Conferente;<\/p>\n<\/li>\n<li dir=\"ltr\">\n<p dir=\"ltr\" role=\"presentation\">Encarregado.<\/p>\n<\/li>\n<\/ul>\n<p dir=\"ltr\" style=\"text-align: justify;\">Feir\u00e3o de Empregos Fort Atacadista<\/p>\n<p dir=\"ltr\" style=\"text-align: justify;\">Data: 17 de outubro<\/p>\n<p dir=\"ltr\" style=\"text-align: justify;\">Hor\u00e1rio: das 8h \u00e0s 17h<\/p>\n<p dir=\"ltr\" style=\"text-align: justify;\">Lojas:<\/p>\n<p dir=\"ltr\" style=\"text-align: justify;\">Fort Cafezais | Avenida Gury Marques, 7418, esquina com a Av. Cafezais | Vila Olinda;<\/p>\n<p dir=\"ltr\" style=\"text-align: justify;\">Fort Coronel Antonino |Rua S\u00e3o Borja, 586 | Vila C\u00e9lia;<\/p>\n<p dir=\"ltr\" style=\"text-align: justify;\">Fort C\u00f4nsul Assaf Trad |Avenida Coronel Antonino, 5498 | Jardim Montevid\u00e9u;<\/p>\n<p dir=\"ltr\" style=\"text-align: justify;\">Fort Guanandi | Avenida Presidente Ernesto Geisel, 501 | Guanandi;<\/p>\n<p dir=\"ltr\" style=\"text-align: justify;\">Fort Norte Sul | Avenida Presidente Ernesto Geisel, 2300 | Cohafama;<\/p>\n<p dir=\"ltr\" style=\"text-align: justify;\">Fort Pra\u00e7a do Papa | Avenida Presidente Vargas, 1336 | Papa Jo\u00e3o Paulo II;<\/p>\n<p dir=\"ltr\" style=\"text-align: justify;\">Fort Parati |Rua da Divis\u00e3o, 1208 | Jardim Aero Rancho;<\/p>\n<p dir=\"ltr\" style=\"text-align: justify;\">Fort Tiradentes | Rua Ant\u00f4nio Bicudo, 112 | Jardim S\u00e3o Louren\u00e7o;<\/p>\n<p dir=\"ltr\" style=\"text-align: justify;\">Fort Tr\u00eas Barras | Av. Tr\u00eas Barras, 1499 | Vila Vilas Boas;<\/p>\n<p dir=\"ltr\">Fort Uni\u00e3o | Rua Petr\u00f3polis, 1080, esquina com a Av. Pref. L\u00fadio Martins Coelho | Uni\u00e3o;<\/p>\n","protected":false},"excerpt":{"rendered":"<p>A rede de atacarejo do Grupo Pereira, Fort Atacadista, realiza nesta quinta-feira, dia 17, um feir\u00e3o de empregos com 235 vagas para todas as suas lojas da capital com contrata\u00e7\u00e3o imediata. Todas as ocupa\u00e7\u00f5es s\u00e3o inclusivas e n\u00e3o exigem experi\u00eancia. O Grupo Pereira possui ainda a\u00e7\u00f5es de inclus\u00e3o de etnia, g\u00eanero e para PCDs; e [&hellip;]<\/p>\n","protected":false},"author":2,"featured_media":194624,"comment_status":"open","ping_status":"open","sticky":false,"template":"","format":"standard","meta":{"_monsterinsights_skip_tracking":false,"_monsterinsights_sitenote_active":false,"_monsterinsights_sitenote_note":"","_monsterinsights_sitenote_category":0},"categories":[4328,28176],"tags":[123,540,347],"aioseo_notices":[],"_links":{"self":[{"href":"https:\/\/mspontocom.com.br\/site\/wp-json\/wp\/v2\/posts\/194623"}],"collection":[{"href":"https:\/\/mspontocom.com.br\/site\/wp-json\/wp\/v2\/posts"}],"about":[{"href":"https:\/\/mspontocom.com.br\/site\/wp-json\/wp\/v2\/types\/post"}],"author":[{"embeddable":true,"href":"https:\/\/mspontocom.com.br\/site\/wp-json\/wp\/v2\/users\/2"}],"replies":[{"embeddable":true,"href":"https:\/\/mspontocom.com.br\/site\/wp-json\/wp\/v2\/comments?post=194623"}],"version-history":[{"count":1,"href":"https:\/\/mspontocom.com.br\/site\/wp-json\/wp\/v2\/posts\/194623\/revisions"}],"predecessor-version":[{"id":194625,"href":"https:\/\/mspontocom.com.br\/site\/wp-json\/wp\/v2\/posts\/194623\/revisions\/194625"}],"wp:featuredmedia":[{"embeddable":true,"href":"https:\/\/mspontocom.com.br\/site\/wp-json\/wp\/v2\/media\/194624"}],"wp:attachment":[{"href":"https:\/\/mspontocom.com.br\/site\/wp-json\/wp\/v2\/media?parent=194623"}],"wp:term":[{"taxonomy":"category","embeddable":true,"href":"https:\/\/mspontocom.com.br\/site\/wp-json\/wp\/v2\/categories?post=194623"},{"taxonomy":"post_tag","embeddable":true,"href":"https:\/\/mspontocom.com.br\/site\/wp-json\/wp\/v2\/tags?post=194623"}],"curies":[{"name":"wp","href":"https:\/\/api.w.org\/{rel}","templated":true}]}}