{"id":194630,"date":"2024-10-17T08:19:08","date_gmt":"2024-10-17T12:19:08","guid":{"rendered":"https:\/\/mspontocom.com.br\/site\/?p=194630"},"modified":"2024-10-17T09:58:40","modified_gmt":"2024-10-17T13:58:40","slug":"interpol-fala-em-crimes-politicos-e-recusa-incluir-pessoas-do-8-jan-na-lista-vermelha","status":"publish","type":"post","link":"https:\/\/mspontocom.com.br\/site\/interpol-fala-em-crimes-politicos-e-recusa-incluir-pessoas-do-8-jan-na-lista-vermelha\/","title":{"rendered":"Interpol fala em \u201ccrimes pol\u00edticos\u201d e recusa incluir pessoas do 8\/jan na \u2018lista vermelha\u2019"},"content":{"rendered":"<p style=\"text-align: justify;\"><img loading=\"lazy\" class=\"alignnone size-full wp-image-194654\" src=\"https:\/\/mspontocom.com.br\/site\/wp-content\/uploads\/2024\/10\/site-interpol-fala-em-crimes-politicos-e-recusa-incluir-brasileiros-do-8jan-na-lista-vermelha-interpol.jpg\" alt=\"\" width=\"1200\" height=\"750\" srcset=\"https:\/\/mspontocom.com.br\/site\/wp-content\/uploads\/2024\/10\/site-interpol-fala-em-crimes-politicos-e-recusa-incluir-brasileiros-do-8jan-na-lista-vermelha-interpol.jpg 1200w, https:\/\/mspontocom.com.br\/site\/wp-content\/uploads\/2024\/10\/site-interpol-fala-em-crimes-politicos-e-recusa-incluir-brasileiros-do-8jan-na-lista-vermelha-interpol-260x163.jpg 260w, https:\/\/mspontocom.com.br\/site\/wp-content\/uploads\/2024\/10\/site-interpol-fala-em-crimes-politicos-e-recusa-incluir-brasileiros-do-8jan-na-lista-vermelha-interpol-1024x640.jpg 1024w, https:\/\/mspontocom.com.br\/site\/wp-content\/uploads\/2024\/10\/site-interpol-fala-em-crimes-politicos-e-recusa-incluir-brasileiros-do-8jan-na-lista-vermelha-interpol-768x480.jpg 768w\" sizes=\"(max-width: 1200px) 100vw, 1200px\" \/>A Interpol negou a solicita\u00e7\u00e3o de incluir supostos participantes do tumulto de 8 de janeiro em sua \u201clista vermelha\u201d de fugitivos procurados, conforme pedido pelo sistema de Justi\u00e7a brasileiro.<\/p>\n<p style=\"text-align: justify;\">Supostamente, essas pessoas est\u00e3o na Argentina, onde s\u00e3o reconhecidas como asilados pol\u00edticos.<\/p>\n<p style=\"text-align: justify;\">A Revista Oeste divulgou uma informa\u00e7\u00e3o, referindo-se a fontes da Interpol esclareceram a vis\u00e3o da organiza\u00e7\u00e3o policial internacional de que certos brasileiros s\u00e3o acusados de \u201ccrimes pol\u00edticos\u201d.<\/p>\n<p style=\"text-align: justify;\">Segundo a Interpol, mencionada pela revista, o aparecimento de brasileiros em sua \u201clista vermelha\u201d pode incentivar a \u201cpersegui\u00e7\u00e3o pol\u00edtica\u201d, e a entidade policial n\u00e3o apoia tal pr\u00e1tica.<\/p>\n<p style=\"text-align: justify;\">As informa\u00e7\u00f5es s\u00e3o do\u00a0<strong><em>Di\u00e1rio do Poder.<\/em><\/strong><\/p>\n<p style=\"text-align: justify;\">Continue em nossa companhia. Veja mais not\u00edcias em: <a href=\"http:\/\/www.mspontocom.com.br\">www.mspontocom.com.br<\/a><\/p>\n<p style=\"text-align: justify;\">Instagram \u00a0e X:\u00a0 @mspontocom<\/p>\n","protected":false},"excerpt":{"rendered":"<p>A Interpol negou a solicita\u00e7\u00e3o de incluir supostos participantes do tumulto de 8 de janeiro em sua \u201clista vermelha\u201d de fugitivos procurados, conforme pedido pelo sistema de Justi\u00e7a brasileiro. Supostamente, essas pessoas est\u00e3o na Argentina, onde s\u00e3o reconhecidas como asilados pol\u00edticos. A Revista Oeste divulgou uma informa\u00e7\u00e3o, referindo-se a fontes da Interpol esclareceram a vis\u00e3o [&hellip;]<\/p>\n","protected":false},"author":2,"featured_media":194654,"comment_status":"open","ping_status":"open","sticky":false,"template":"","format":"standard","meta":{"_monsterinsights_skip_tracking":false,"_monsterinsights_sitenote_active":false,"_monsterinsights_sitenote_note":"","_monsterinsights_sitenote_category":0},"categories":[30260,7,30259,12],"tags":[39051,359,25094,42030,42031,27737],"aioseo_notices":[],"_links":{"self":[{"href":"https:\/\/mspontocom.com.br\/site\/wp-json\/wp\/v2\/posts\/194630"}],"collection":[{"href":"https:\/\/mspontocom.com.br\/site\/wp-json\/wp\/v2\/posts"}],"about":[{"href":"https:\/\/mspontocom.com.br\/site\/wp-json\/wp\/v2\/types\/post"}],"author":[{"embeddable":true,"href":"https:\/\/mspontocom.com.br\/site\/wp-json\/wp\/v2\/users\/2"}],"replies":[{"embeddable":true,"href":"https:\/\/mspontocom.com.br\/site\/wp-json\/wp\/v2\/comments?post=194630"}],"version-history":[{"count":4,"href":"https:\/\/mspontocom.com.br\/site\/wp-json\/wp\/v2\/posts\/194630\/revisions"}],"predecessor-version":[{"id":194656,"href":"https:\/\/mspontocom.com.br\/site\/wp-json\/wp\/v2\/posts\/194630\/revisions\/194656"}],"wp:featuredmedia":[{"embeddable":true,"href":"https:\/\/mspontocom.com.br\/site\/wp-json\/wp\/v2\/media\/194654"}],"wp:attachment":[{"href":"https:\/\/mspontocom.com.br\/site\/wp-json\/wp\/v2\/media?parent=194630"}],"wp:term":[{"taxonomy":"category","embeddable":true,"href":"https:\/\/mspontocom.com.br\/site\/wp-json\/wp\/v2\/categories?post=194630"},{"taxonomy":"post_tag","embeddable":true,"href":"https:\/\/mspontocom.com.br\/site\/wp-json\/wp\/v2\/tags?post=194630"}],"curies":[{"name":"wp","href":"https:\/\/api.w.org\/{rel}","templated":true}]}}