{"id":194757,"date":"2024-10-22T05:49:38","date_gmt":"2024-10-22T09:49:38","guid":{"rendered":"https:\/\/mspontocom.com.br\/site\/?p=194757"},"modified":"2024-10-22T09:26:32","modified_gmt":"2024-10-22T13:26:32","slug":"fiems-promove-forum-voltado-a-gestores-de-recursos-humanos-inscricoes-abertas","status":"publish","type":"post","link":"https:\/\/mspontocom.com.br\/site\/fiems-promove-forum-voltado-a-gestores-de-recursos-humanos-inscricoes-abertas\/","title":{"rendered":"Fiems promove f\u00f3rum voltado a gestores de recursos humanos. Inscri\u00e7\u00f5es abertas"},"content":{"rendered":"<p class=\"m_8341532370147925056MsoNoSpacing\" style=\"text-align: justify;\"><img loading=\"lazy\" class=\"alignnone size-full wp-image-194764\" src=\"https:\/\/mspontocom.com.br\/site\/wp-content\/uploads\/2024\/10\/site-fiems-promove-forum-voltado-a-gestores-de-recursos-humanos-inscricoes-abertas-rh.webp\" alt=\"\" width=\"1000\" height=\"619\" srcset=\"https:\/\/mspontocom.com.br\/site\/wp-content\/uploads\/2024\/10\/site-fiems-promove-forum-voltado-a-gestores-de-recursos-humanos-inscricoes-abertas-rh.webp 1000w, https:\/\/mspontocom.com.br\/site\/wp-content\/uploads\/2024\/10\/site-fiems-promove-forum-voltado-a-gestores-de-recursos-humanos-inscricoes-abertas-rh-260x161.webp 260w, https:\/\/mspontocom.com.br\/site\/wp-content\/uploads\/2024\/10\/site-fiems-promove-forum-voltado-a-gestores-de-recursos-humanos-inscricoes-abertas-rh-768x475.webp 768w\" sizes=\"(max-width: 1000px) 100vw, 1000px\" \/>O Sistema Fiems promove no pr\u00f3ximo dia 24 de outubro, em Campo Grande, o F\u00f3rum Fiems Capital Humano 2024.<\/p>\n<p class=\"m_8341532370147925056MsoNoSpacing\" style=\"text-align: justify;\">Os principais gestores de recursos humanos de Mato Grosso do Sul estar\u00e3o reunidos em um \u00fanico evento focado em aprendizado, inova\u00e7\u00e3o e troca de experi\u00eancias.<u><\/u><u><\/u><u><\/u>\u00a0<u><\/u><\/p>\n<p class=\"m_8341532370147925056MsoNoSpacing\" style=\"text-align: justify;\">O evento \u00e9 o momento ideal para atualizar suas estrat\u00e9gias de gest\u00e3o e fortalecer sua rede de contatos. A programa\u00e7\u00e3o do f\u00f3rum conta com palestras inspiradoras com especialistas nacionais em desenvolvimento organizacional, inova\u00e7\u00e3o em RH, engajamento de colaboradores, transforma\u00e7\u00e3o digital e lideran\u00e7a.<u><\/u><u><\/u><u><\/u>\u00a0<u><\/u><\/p>\n<p class=\"m_8341532370147925056MsoNoSpacing\" style=\"text-align: justify;\">Al\u00e9m disso, gestores poder\u00e3o ter acesso gratuito ao autodiagn\u00f3stico do Capital Humano, realizado pelo Sesi, com diagn\u00f3stico da empresa e an\u00e1lise dos resultados.<u><\/u><u><\/u><u><\/u>\u00a0<u><\/u><\/p>\n<p class=\"m_8341532370147925056MsoNoSpacing\" style=\"text-align: justify;\">As inscri\u00e7\u00f5es s\u00e3o gratuitas e podem ser feitas pela p\u00e1gina oficial do evento.\u00a0<a href=\"https:\/\/sistemafiems.sesims.com.br\/forum-capital-humano\" target=\"_blank\" rel=\"noopener\" data-saferedirecturl=\"https:\/\/www.google.com\/url?q=https:\/\/sistemafiems.sesims.com.br\/forum-capital-humano&amp;source=gmail&amp;ust=1729685482264000&amp;usg=AOvVaw1VZfArh90ZFtnclYxkKMV2\">https:\/\/sistemafiems.sesims.<wbr \/>com.br\/forum-capital-humano<\/a><u><\/u><u><\/u><u><\/u>\u00a0<u><\/u><\/p>\n<p style=\"text-align: justify;\">\n<p class=\"m_8341532370147925056MsoNoSpacing\" style=\"text-align: justify;\"><u><\/u>\u00a0<u><\/u><b>Servi\u00e7o:<u><\/u><u><\/u><\/b><u><\/u>\u00a0<u><\/u><\/p>\n<p class=\"m_8341532370147925056MsoNoSpacing\" style=\"text-align: justify;\">O qu\u00ea: F\u00f3rum Fiems Capital Humano 2024<u><\/u><u><\/u><\/p>\n<p class=\"m_8341532370147925056MsoNoSpacing\" style=\"text-align: justify;\">Quando: 24 de outubro (quinta-feira), a partir das 8 horas<u><\/u><u><\/u><\/p>\n<p class=\"m_8341532370147925056MsoNoSpacing\" style=\"text-align: justify;\">Onde: Edif\u00edcio Casa da Ind\u00fastria (Av. Afonso Pena, 1206 &#8211; bairro Amamba\u00ed &#8211; Campo Grande)<u><\/u><u><\/u><\/p>\n<p class=\"m_8341532370147925056MsoNoSpacing\" style=\"text-align: justify;\"><u><\/u>\u00a0<u><\/u><\/p>\n<p class=\"m_8341532370147925056MsoNoSpacing\" style=\"text-align: justify;\"><b>Programa\u00e7\u00e3o<\/b>:<u><\/u><u><\/u><\/p>\n<p class=\"m_8341532370147925056MsoNoSpacing\" style=\"text-align: justify;\"><u><\/u>\u00a0<u><\/u><\/p>\n<p class=\"m_8341532370147925056MsoNoSpacing\" style=\"text-align: justify;\">8h00 &#8211; Credenciamento<u><\/u><u><\/u><\/p>\n<p class=\"m_8341532370147925056MsoNoSpacing\" style=\"text-align: justify;\">08h30 &#8211; Abertura do Evento<u><\/u><u><\/u><\/p>\n<p class=\"m_8341532370147925056MsoNoSpacing\" style=\"text-align: justify;\">08h30 &#8211; 09h20 \u2013 Palestra de abertura: Felicidade de Quem Trabalha | Dani Plesnik<u><\/u><u><\/u><\/p>\n<p class=\"m_8341532370147925056MsoNoSpacing\" style=\"text-align: justify;\">09h20 &#8211; 10h00 &#8211; Talking RH Estrat\u00e9gico: perfil do profissional RH, influ\u00eancia da felicidade e sa\u00fade mental nos resultados organizacionais | Giane Maria, Jos\u00e9 Ricardo da Cunha e Robson Bessa<u><\/u><u><\/u><\/p>\n<p class=\"m_8341532370147925056MsoNoSpacing\" style=\"text-align: justify;\">10h00 &#8211; 10h50 &#8211; Palestra Neuroci\u00eancias e Soft Skills | Daniel Hosken<u><\/u><u><\/u><\/p>\n<p class=\"m_8341532370147925056MsoNoSpacing\" style=\"text-align: justify;\">10h50 &#8211; 11h30 &#8211; R Talking &amp;S: Principais dores &#8211; como a inova\u00e7\u00e3o pode contribuir? | Bianca Muniz, Igor Andrade e Roseli Motta<u><\/u><u><\/u><\/p>\n<p class=\"m_8341532370147925056MsoNoSpacing\" style=\"text-align: justify;\">11h30 &#8211; 13h00 &#8211; Intervalo<u><\/u><u><\/u><\/p>\n<p class=\"m_8341532370147925056MsoNoSpacing\" style=\"text-align: justify;\">13h00 &#8211; 13h50 &#8211; Palestra Muito al\u00e9m dos dados e algoritmos: o lado humano da IA | Kenneth Corr\u00eaa<u><\/u><u><\/u><\/p>\n<p class=\"m_8341532370147925056MsoNoSpacing\" style=\"text-align: justify;\">13h50 &#8211; 14h30 &#8211; Talking PCD&#8217;s: Olhar com pr\u00e1tica, inclus\u00e3o e fiscaliza\u00e7\u00e3o | Alexandre Cantero, T\u00e2nia Costa, Telma Nantes e Eveli Vasconcelos<u><\/u><u><\/u><\/p>\n<p class=\"m_8341532370147925056MsoNoSpacing\" style=\"text-align: justify;\">14h30 &#8211; 15h20 &#8211; Palestra Accountability: da autorresponsabiliza\u00e7\u00e3o ao protagonismo | Julia Gianzanti<u><\/u><u><\/u><\/p>\n<p class=\"m_8341532370147925056MsoNoSpacing\" style=\"text-align: justify;\">15h20 &#8211; Agradecimento<u><\/u><u><\/u><\/p>\n<p class=\"m_8341532370147925056MsoNoSpacing\" style=\"text-align: justify;\">15h30 &#8211; 17h &#8211; Momento networking com coquetel<u><\/u><u><\/u><\/p>\n<p class=\"m_8341532370147925056MsoNoSpacing\" style=\"text-align: justify;\"><u><\/u>\u00a0<u><\/u><\/p>\n<p class=\"m_8341532370147925056MsoNoSpacing\" style=\"text-align: justify;\"><b>Palestrantes:<u><\/u><u><\/u><\/b><\/p>\n<p class=\"m_8341532370147925056MsoNoSpacing\" style=\"text-align: justify;\"><u><\/u>\u00a0<u><\/u><\/p>\n<p class=\"m_8341532370147925056MsoNoSpacing\" style=\"text-align: justify;\">Julia Gianzanti &#8211; Consultora e Fundadora da OrigemRh<u><\/u><u><\/u><\/p>\n<p class=\"m_8341532370147925056MsoNoSpacing\" style=\"text-align: justify;\">Dani Plesnik &#8211; Executiva Senior de RH | Professora FDC | Human SA<u><\/u><u><\/u><\/p>\n<p class=\"m_8341532370147925056MsoNoSpacing\" style=\"text-align: justify;\">Kenneth Corr\u00eaa &#8211; Diretor de Estrat\u00e9gia da 8020 Marketing<u><\/u><u><\/u><\/p>\n<p class=\"m_8341532370147925056MsoNoSpacing\" style=\"text-align: justify;\">Daniel Hosken &#8211; Neurocientista, professor e palestrante<u><\/u><u><\/u><\/p>\n<p class=\"m_8341532370147925056MsoNoSpacing\" style=\"text-align: justify;\">Alexandre Cantero &#8211; Superintendente Regional do Trabalho e Emprego no MS<u><\/u><u><\/u><\/p>\n<p class=\"m_8341532370147925056MsoNoSpacing\" style=\"text-align: justify;\"><u><\/u>\u00a0<u><\/u><\/p>\n<p class=\"m_8341532370147925056MsoNoSpacing\" style=\"text-align: justify;\"><b>Convidados especiais:<u><\/u><u><\/u><\/b><\/p>\n<p class=\"m_8341532370147925056MsoNoSpacing\" style=\"text-align: justify;\"><u><\/u>\u00a0<u><\/u><\/p>\n<p class=\"m_8341532370147925056MsoNoSpacing\" style=\"text-align: justify;\">Bianca Muniz &#8211; Psic\u00f3loga Cl\u00ednica e Organizacional<u><\/u><u><\/u><\/p>\n<p class=\"m_8341532370147925056MsoNoSpacing\" style=\"text-align: justify;\">Eveli Vasconcelos &#8211; Dr\u00aa. em Psicologia | Psic\u00f3loga organizacional e do trabalho, pesquisadora, autora de artigos e cap\u00edtulos de livros<u><\/u><u><\/u><\/p>\n<p class=\"m_8341532370147925056MsoNoSpacing\" style=\"text-align: justify;\">Robson Bessa &#8211; Fundador da Unblock It | Conselheiro IBGC<u><\/u><u><\/u><\/p>\n<p class=\"m_8341532370147925056MsoNoSpacing\" style=\"text-align: justify;\">Roseli Motta &#8211; Cofundadora da \u00edrispessoas<u><\/u><u><\/u><\/p>\n<p class=\"m_8341532370147925056MsoNoSpacing\" style=\"text-align: justify;\">Jos\u00e9 Ricardo da Cunha &#8211; Doutor em Psicologia Cl\u00ednica e da Sa\u00fade<u><\/u><u><\/u><\/p>\n<p class=\"m_8341532370147925056MsoNoSpacing\" style=\"text-align: justify;\">T\u00e2nia Costa &#8211; Supervisora de RH na Ra\u00edzen<u><\/u><u><\/u><\/p>\n<p class=\"m_8341532370147925056MsoNoSpacing\" style=\"text-align: justify;\">Telma Nantes de Matos &#8211; Subsecret\u00e1ria de Pol\u00edticas P\u00fablicas para Pessoas com Defici\u00eancia<u><\/u><u><\/u><\/p>\n<p class=\"m_8341532370147925056MsoNoSpacing\" style=\"text-align: justify;\">Igor Andrade &#8211; CEO e Fundador da Tamandu Brasil<u><\/u><u><\/u><\/p>\n<p class=\"m_8341532370147925056MsoNoSpacing\" style=\"text-align: justify;\">Giane Maria &#8211; Diretora de RH no Grupo RMC<\/p>\n","protected":false},"excerpt":{"rendered":"<p>O Sistema Fiems promove no pr\u00f3ximo dia 24 de outubro, em Campo Grande, o F\u00f3rum Fiems Capital Humano 2024. Os principais gestores de recursos humanos de Mato Grosso do Sul estar\u00e3o reunidos em um \u00fanico evento focado em aprendizado, inova\u00e7\u00e3o e troca de experi\u00eancias.\u00a0 O evento \u00e9 o momento ideal para atualizar suas estrat\u00e9gias de [&hellip;]<\/p>\n","protected":false},"author":2,"featured_media":194764,"comment_status":"open","ping_status":"open","sticky":false,"template":"","format":"standard","meta":{"_monsterinsights_skip_tracking":false,"_monsterinsights_sitenote_active":false,"_monsterinsights_sitenote_note":"","_monsterinsights_sitenote_category":0},"categories":[28176,74],"tags":[2887,1399,8611,455,14028],"aioseo_notices":[],"_links":{"self":[{"href":"https:\/\/mspontocom.com.br\/site\/wp-json\/wp\/v2\/posts\/194757"}],"collection":[{"href":"https:\/\/mspontocom.com.br\/site\/wp-json\/wp\/v2\/posts"}],"about":[{"href":"https:\/\/mspontocom.com.br\/site\/wp-json\/wp\/v2\/types\/post"}],"author":[{"embeddable":true,"href":"https:\/\/mspontocom.com.br\/site\/wp-json\/wp\/v2\/users\/2"}],"replies":[{"embeddable":true,"href":"https:\/\/mspontocom.com.br\/site\/wp-json\/wp\/v2\/comments?post=194757"}],"version-history":[{"count":2,"href":"https:\/\/mspontocom.com.br\/site\/wp-json\/wp\/v2\/posts\/194757\/revisions"}],"predecessor-version":[{"id":194765,"href":"https:\/\/mspontocom.com.br\/site\/wp-json\/wp\/v2\/posts\/194757\/revisions\/194765"}],"wp:featuredmedia":[{"embeddable":true,"href":"https:\/\/mspontocom.com.br\/site\/wp-json\/wp\/v2\/media\/194764"}],"wp:attachment":[{"href":"https:\/\/mspontocom.com.br\/site\/wp-json\/wp\/v2\/media?parent=194757"}],"wp:term":[{"taxonomy":"category","embeddable":true,"href":"https:\/\/mspontocom.com.br\/site\/wp-json\/wp\/v2\/categories?post=194757"},{"taxonomy":"post_tag","embeddable":true,"href":"https:\/\/mspontocom.com.br\/site\/wp-json\/wp\/v2\/tags?post=194757"}],"curies":[{"name":"wp","href":"https:\/\/api.w.org\/{rel}","templated":true}]}}