{"id":194791,"date":"2024-10-23T07:59:12","date_gmt":"2024-10-23T11:59:12","guid":{"rendered":"https:\/\/mspontocom.com.br\/site\/?p=194791"},"modified":"2024-10-23T07:59:12","modified_gmt":"2024-10-23T11:59:12","slug":"ms-apresenta-na-colombia-acoes-em-prol-da-biodiversidade","status":"publish","type":"post","link":"https:\/\/mspontocom.com.br\/site\/ms-apresenta-na-colombia-acoes-em-prol-da-biodiversidade\/","title":{"rendered":"MS apresenta na Col\u00f4mbia a\u00e7\u00f5es em prol da biodiversidade"},"content":{"rendered":"<p style=\"text-align: justify;\"><img loading=\"lazy\" class=\"alignnone size-full wp-image-194801\" src=\"https:\/\/mspontocom.com.br\/site\/wp-content\/uploads\/2024\/10\/site-cop-ms-apresenta-na-colombia-acoes-em-prol-da-biodiversidade-colombia.jpg\" alt=\"\" width=\"730\" height=\"480\" srcset=\"https:\/\/mspontocom.com.br\/site\/wp-content\/uploads\/2024\/10\/site-cop-ms-apresenta-na-colombia-acoes-em-prol-da-biodiversidade-colombia.jpg 730w, https:\/\/mspontocom.com.br\/site\/wp-content\/uploads\/2024\/10\/site-cop-ms-apresenta-na-colombia-acoes-em-prol-da-biodiversidade-colombia-260x171.jpg 260w\" sizes=\"(max-width: 730px) 100vw, 730px\" \/>O case ambiental do Governo do Mato Grosso do Sul em prol da biodiversidade, envolvendo desde programas de pagamento por servi\u00e7os ambientais at\u00e9 as pol\u00edticas p\u00fablicas est\u00e1 sendo apresentado pelo secret\u00e1rio de Meio Ambiente Jaime Verruck, na COP-16.<\/p>\n<p style=\"text-align: justify;\">O evento come\u00e7ou segunda-feira (21) em Cali, na Col\u00f4mbia, e vai at\u00e9 o dia 1\u00ba de novembro.<\/p>\n<p style=\"text-align: justify;\">Esta \u00e9 a primeira COP da Biodiversidade ap\u00f3s a estrutura\u00e7\u00e3o do Marco Global de Kunming-Montreal (GBF \u2013 Global Biodiversity Framework, em ingl\u00eas), assinado por 196 pa\u00edses em dezembro de 2022, durante o \u00faltimo encontro liderado pelos chineses e ocorrido no Canad\u00e1.<\/p>\n<p style=\"text-align: justify;\">O documento re\u00fane 23 metas globais a serem alcan\u00e7adas at\u00e9 2030 em busca da regenera\u00e7\u00e3o de todo o conjunto de vida na Terra.<\/p>\n<p style=\"text-align: justify;\">S\u00e3o mais de 18 mil pessoas participando do evento, sendo que a comitiva brasileira integra mais de 500 pessoas de todos os estados do Pa\u00eds.<\/p>\n<p style=\"text-align: justify;\">Ontem (22) o secret\u00e1rio fez a primeira palestra do Governo do Estado na COP-16 em um workshop que est\u00e1 discutindo a vincula\u00e7\u00e3o entre mudan\u00e7as clim\u00e1ticas e pol\u00edticas de biodiversidade.<\/p>\n<p style=\"text-align: justify;\">Na ocasi\u00e3o ele apresentou o case do Mato Grosso do Sul desde o foco na \u00e1rea do carbono, como tamb\u00e9m todo o problema da redu\u00e7\u00e3o da biodiversidade principalmente em fun\u00e7\u00e3o das queimadas.<\/p>\n<p style=\"text-align: justify;\">De acordo com Verruck, a COP-16 tem um foco bastante forte nas comunidades tradicionais.<\/p>\n<p style=\"text-align: justify;\"><em><span style=\"font-size: 14pt;\">\u201cN\u00f3s temos uma participa\u00e7\u00e3o de ind\u00edgenas praticamente do mundo inteiro no evento, com v\u00e1rios pain\u00e9is nas quest\u00f5es ind\u00edgenas; A\u00ed v\u00e3o da regula\u00e7\u00e3o fundi\u00e1ria, ocupa\u00e7\u00e3o, at\u00e9 o desenvolvimento econ\u00f4mico dessas comunidades ind\u00edgenas. Ent\u00e3o, acho que \u00e9 um momento importante o Mato Grosso mais uma vez representado num evento internacional que trata da quest\u00e3o da biodiversidade. E n\u00f3s sempre temos a\u00ed uma grande satisfa\u00e7\u00e3o de entender que o Mato Grosso do Sul tem um conjunto de pol\u00edticas p\u00fablicas capazes de dar suporte a esses grandes acordos internacionais, seja na \u00e1rea da mudan\u00e7a clim\u00e1tica, na \u00e1rea da biodiversidade e na \u00e1rea do cr\u00e9dito de carbono\u201d,<\/span><\/em> concluiu.<\/p>\n<p style=\"text-align: justify;\"><em>fonte: Rosana Siqueira, Comunica\u00e7\u00e3o<br \/>\n<\/em><em>Foto: Mairinco de Pauda<\/em><\/p>\n<p style=\"text-align: justify;\">Continue em nossa companhia. Veja mais not\u00edcias em: <a href=\"http:\/\/www.mspontocom.com.br\">www.mspontocom.com.br<\/a><\/p>\n<p style=\"text-align: justify;\">Instagram \u00a0e X:\u00a0 @mspontocom<\/p>\n","protected":false},"excerpt":{"rendered":"<p>O case ambiental do Governo do Mato Grosso do Sul em prol da biodiversidade, envolvendo desde programas de pagamento por servi\u00e7os ambientais at\u00e9 as pol\u00edticas p\u00fablicas est\u00e1 sendo apresentado pelo secret\u00e1rio de Meio Ambiente Jaime Verruck, na COP-16. O evento come\u00e7ou segunda-feira (21) em Cali, na Col\u00f4mbia, e vai at\u00e9 o dia 1\u00ba de novembro. [&hellip;]<\/p>\n","protected":false},"author":2,"featured_media":194801,"comment_status":"open","ping_status":"open","sticky":false,"template":"","format":"standard","meta":{"_monsterinsights_skip_tracking":false,"_monsterinsights_sitenote_active":false,"_monsterinsights_sitenote_note":"","_monsterinsights_sitenote_category":0},"categories":[74],"tags":[22011,4335,42064,81],"aioseo_notices":[],"_links":{"self":[{"href":"https:\/\/mspontocom.com.br\/site\/wp-json\/wp\/v2\/posts\/194791"}],"collection":[{"href":"https:\/\/mspontocom.com.br\/site\/wp-json\/wp\/v2\/posts"}],"about":[{"href":"https:\/\/mspontocom.com.br\/site\/wp-json\/wp\/v2\/types\/post"}],"author":[{"embeddable":true,"href":"https:\/\/mspontocom.com.br\/site\/wp-json\/wp\/v2\/users\/2"}],"replies":[{"embeddable":true,"href":"https:\/\/mspontocom.com.br\/site\/wp-json\/wp\/v2\/comments?post=194791"}],"version-history":[{"count":2,"href":"https:\/\/mspontocom.com.br\/site\/wp-json\/wp\/v2\/posts\/194791\/revisions"}],"predecessor-version":[{"id":194802,"href":"https:\/\/mspontocom.com.br\/site\/wp-json\/wp\/v2\/posts\/194791\/revisions\/194802"}],"wp:featuredmedia":[{"embeddable":true,"href":"https:\/\/mspontocom.com.br\/site\/wp-json\/wp\/v2\/media\/194801"}],"wp:attachment":[{"href":"https:\/\/mspontocom.com.br\/site\/wp-json\/wp\/v2\/media?parent=194791"}],"wp:term":[{"taxonomy":"category","embeddable":true,"href":"https:\/\/mspontocom.com.br\/site\/wp-json\/wp\/v2\/categories?post=194791"},{"taxonomy":"post_tag","embeddable":true,"href":"https:\/\/mspontocom.com.br\/site\/wp-json\/wp\/v2\/tags?post=194791"}],"curies":[{"name":"wp","href":"https:\/\/api.w.org\/{rel}","templated":true}]}}