{"id":194857,"date":"2024-10-25T05:05:07","date_gmt":"2024-10-25T09:05:07","guid":{"rendered":"https:\/\/mspontocom.com.br\/site\/?p=194857"},"modified":"2024-10-25T06:50:16","modified_gmt":"2024-10-25T10:50:16","slug":"fiems-jovem-realiza-encontro-com-governador-eduardo-riedel","status":"publish","type":"post","link":"https:\/\/mspontocom.com.br\/site\/fiems-jovem-realiza-encontro-com-governador-eduardo-riedel\/","title":{"rendered":"Fiems Jovem realiza encontro com governador Eduardo Riedel"},"content":{"rendered":"<p style=\"font-weight: 400; text-align: justify;\"><img loading=\"lazy\" class=\"alignnone size-full wp-image-194864\" src=\"https:\/\/mspontocom.com.br\/site\/wp-content\/uploads\/2024\/10\/site-fiems-jovem-realiza-encontro-com-governador-eduardo-riedel-fiems-jovem-governador-3.jpeg\" alt=\"\" width=\"1045\" height=\"697\" srcset=\"https:\/\/mspontocom.com.br\/site\/wp-content\/uploads\/2024\/10\/site-fiems-jovem-realiza-encontro-com-governador-eduardo-riedel-fiems-jovem-governador-3.jpeg 1045w, https:\/\/mspontocom.com.br\/site\/wp-content\/uploads\/2024\/10\/site-fiems-jovem-realiza-encontro-com-governador-eduardo-riedel-fiems-jovem-governador-3-260x173.jpeg 260w, https:\/\/mspontocom.com.br\/site\/wp-content\/uploads\/2024\/10\/site-fiems-jovem-realiza-encontro-com-governador-eduardo-riedel-fiems-jovem-governador-3-1024x683.jpeg 1024w, https:\/\/mspontocom.com.br\/site\/wp-content\/uploads\/2024\/10\/site-fiems-jovem-realiza-encontro-com-governador-eduardo-riedel-fiems-jovem-governador-3-768x512.jpeg 768w\" sizes=\"(max-width: 1045px) 100vw, 1045px\" \/>O comit\u00ea Fiems Jovem foi recebido pelo governado Eduardo Riedel, no receptivo do Governo do Estado, no Parque dos Poderes, em Campo Grande.<\/p>\n<p style=\"font-weight: 400; text-align: justify;\">O projeto \u00e9 destinado \u00e0 forma\u00e7\u00e3o e qualifica\u00e7\u00e3o de jovens empres\u00e1rios para dar continuidade e fortalecer as ind\u00fastrias de Mato Grosso do Sul.<\/p>\n<p style=\"font-weight: 400; text-align: justify;\">Na avalia\u00e7\u00e3o do governador, a forma\u00e7\u00e3o do grupo representa um importante passo para o futuro econ\u00f4mico do Estado.<\/p>\n<p style=\"font-weight: 400; text-align: justify;\"><span style=\"font-size: 14pt;\"><em>\u201cA iniciativa ajuda a criar um ambiente de transforma\u00e7\u00e3o no Estado e \u00e9 a juventude que faz isso. Formando um grupo de novos empres\u00e1rios ou sucessores de empresas estabelecidas, voc\u00ea garante essa chama acessa do pr\u00f3prio Estado de Mato Grosso do Sul nos diferentes setores e nas diferentes \u00e1reas. A Fiems est\u00e1 na frente ao propor uma turma de empreendedorismo para os jovens com discuss\u00f5es de alto n\u00edvel\u201d,<\/em><\/span> destacou.<\/p>\n<p style=\"font-weight: 400; text-align: justify;\">Segundo o diretor de rela\u00e7\u00f5es internacionais da Fiems e coordenador do Fiems Jovem, Aur\u00e9lio Rocha, o comit\u00ea representa um encontro entre tradi\u00e7\u00e3o e inova\u00e7\u00e3o, contando com a experi\u00eancia de grandes lideran\u00e7as na forma\u00e7\u00e3o dos mais jovens.<\/p>\n<p style=\"text-align: justify;\">Continue em nossa companhia. Veja mais not\u00edcias em: <a href=\"http:\/\/www.mspontocom.com.br\">www.mspontocom.com.br<\/a><\/p>\n<p style=\"text-align: justify;\">Instagram \u00a0e X:\u00a0 @mspontocom<\/p>\n<p style=\"font-weight: 400; text-align: justify;\">\n","protected":false},"excerpt":{"rendered":"<p>O comit\u00ea Fiems Jovem foi recebido pelo governado Eduardo Riedel, no receptivo do Governo do Estado, no Parque dos Poderes, em Campo Grande. O projeto \u00e9 destinado \u00e0 forma\u00e7\u00e3o e qualifica\u00e7\u00e3o de jovens empres\u00e1rios para dar continuidade e fortalecer as ind\u00fastrias de Mato Grosso do Sul. Na avalia\u00e7\u00e3o do governador, a forma\u00e7\u00e3o do grupo representa [&hellip;]<\/p>\n","protected":false},"author":2,"featured_media":194864,"comment_status":"open","ping_status":"open","sticky":false,"template":"","format":"standard","meta":{"_monsterinsights_skip_tracking":false,"_monsterinsights_sitenote_active":false,"_monsterinsights_sitenote_note":"","_monsterinsights_sitenote_category":0},"categories":[74],"tags":[12268,4536,42079,92],"aioseo_notices":[],"_links":{"self":[{"href":"https:\/\/mspontocom.com.br\/site\/wp-json\/wp\/v2\/posts\/194857"}],"collection":[{"href":"https:\/\/mspontocom.com.br\/site\/wp-json\/wp\/v2\/posts"}],"about":[{"href":"https:\/\/mspontocom.com.br\/site\/wp-json\/wp\/v2\/types\/post"}],"author":[{"embeddable":true,"href":"https:\/\/mspontocom.com.br\/site\/wp-json\/wp\/v2\/users\/2"}],"replies":[{"embeddable":true,"href":"https:\/\/mspontocom.com.br\/site\/wp-json\/wp\/v2\/comments?post=194857"}],"version-history":[{"count":3,"href":"https:\/\/mspontocom.com.br\/site\/wp-json\/wp\/v2\/posts\/194857\/revisions"}],"predecessor-version":[{"id":194866,"href":"https:\/\/mspontocom.com.br\/site\/wp-json\/wp\/v2\/posts\/194857\/revisions\/194866"}],"wp:featuredmedia":[{"embeddable":true,"href":"https:\/\/mspontocom.com.br\/site\/wp-json\/wp\/v2\/media\/194864"}],"wp:attachment":[{"href":"https:\/\/mspontocom.com.br\/site\/wp-json\/wp\/v2\/media?parent=194857"}],"wp:term":[{"taxonomy":"category","embeddable":true,"href":"https:\/\/mspontocom.com.br\/site\/wp-json\/wp\/v2\/categories?post=194857"},{"taxonomy":"post_tag","embeddable":true,"href":"https:\/\/mspontocom.com.br\/site\/wp-json\/wp\/v2\/tags?post=194857"}],"curies":[{"name":"wp","href":"https:\/\/api.w.org\/{rel}","templated":true}]}}