{"id":194904,"date":"2024-10-28T05:02:46","date_gmt":"2024-10-28T09:02:46","guid":{"rendered":"https:\/\/mspontocom.com.br\/site\/?p=194904"},"modified":"2024-10-28T08:08:03","modified_gmt":"2024-10-28T12:08:03","slug":"iel-oferece-curso-de-oratoria-em-mato-grosso-do-sul","status":"publish","type":"post","link":"https:\/\/mspontocom.com.br\/site\/iel-oferece-curso-de-oratoria-em-mato-grosso-do-sul\/","title":{"rendered":"IEL oferece curso de orat\u00f3ria em Mato Grosso do Sul"},"content":{"rendered":"<p class=\"m_2708503463419532943MsoNoSpacing\" style=\"text-align: justify;\"><img loading=\"lazy\" class=\"alignnone size-full wp-image-194912\" src=\"https:\/\/mspontocom.com.br\/site\/wp-content\/uploads\/2024\/10\/site-iel-oferece-curso-de-oratoria-em-3-cidades-de-mato-grosso-do-sul-curso-oratoria-iel-ms.jpg\" alt=\"\" width=\"900\" height=\"599\" srcset=\"https:\/\/mspontocom.com.br\/site\/wp-content\/uploads\/2024\/10\/site-iel-oferece-curso-de-oratoria-em-3-cidades-de-mato-grosso-do-sul-curso-oratoria-iel-ms.jpg 900w, https:\/\/mspontocom.com.br\/site\/wp-content\/uploads\/2024\/10\/site-iel-oferece-curso-de-oratoria-em-3-cidades-de-mato-grosso-do-sul-curso-oratoria-iel-ms-260x173.jpg 260w, https:\/\/mspontocom.com.br\/site\/wp-content\/uploads\/2024\/10\/site-iel-oferece-curso-de-oratoria-em-3-cidades-de-mato-grosso-do-sul-curso-oratoria-iel-ms-768x511.jpg 768w\" sizes=\"(max-width: 900px) 100vw, 900px\" \/>O IEL-MS est\u00e1 com inscri\u00e7\u00f5es abertas para o curso de orat\u00f3ria &#8220;A arte de expressar-se bem para qualquer p\u00fablico&#8221;.<\/p>\n<p class=\"m_2708503463419532943MsoNoSpacing\" style=\"text-align: justify;\">O treinamento ser\u00e1 realizado nas cidades de Campo Grande, Dourados e Tr\u00eas Lagoas, com datas distintas para cada localidade.<u><\/u><u><\/u><u><\/u>\u00a0<u><\/u><\/p>\n<p class=\"m_2708503463419532943MsoNoSpacing\" style=\"text-align: justify;\">Ministrado pelo jornalista e apresentador de TV com mais de 30 anos de experi\u00eancia, Guto Dobes, o curso \u00e9 direcionado a profissionais que desejam aprimorar suas habilidades de comunica\u00e7\u00e3o, superar o medo de falar em p\u00fablico e se conectar melhor com plateias presenciais ou online.<\/p>\n<p style=\"text-align: justify;\"><b>Programa\u00e7\u00e3o e Inscri\u00e7\u00f5es<\/b><u><\/u>\u00a0<u><\/u><\/p>\n<p class=\"m_2708503463419532943MsoNoSpacing\" style=\"text-align: justify;\"><b>Campo Grande<u><\/u><u><\/u><\/b><b><u><\/u>\u00a0<u><\/u><\/b><\/p>\n<p class=\"m_2708503463419532943MsoNoSpacing\" style=\"text-align: justify;\">Aulas de 4 a 7 de novembro, das 19h \u00e0s 22h, na sede do IEL-MS (Av. Afonso Pena, 1031, Bairro Amamba\u00ed).<u><\/u><u><\/u><u><\/u>\u00a0<u><\/u><\/p>\n<p class=\"m_2708503463419532943MsoNoSpacing\" style=\"text-align: justify;\">Inscri\u00e7\u00f5es pelo link\u00a0<a href=\"https:\/\/forms.gle\/MDE43XKpMAoCiVzE7\" target=\"_blank\" rel=\"noopener\" data-saferedirecturl=\"https:\/\/www.google.com\/url?q=https:\/\/forms.gle\/MDE43XKpMAoCiVzE7&amp;source=gmail&amp;ust=1730201910529000&amp;usg=AOvVaw2sBm0fSadBbDScZjX7GOZJ\">https:\/\/forms.gle\/<wbr \/>MDE43XKpMAoCiVzE7<\/a>\u00a0<u><\/u><u><\/u><u><\/u>\u00a0<u><\/u><\/p>\n<p class=\"m_2708503463419532943MsoNoSpacing\" style=\"text-align: justify;\"><b>Tr\u00eas Lagoas<u><\/u><u><\/u><\/b><u><\/u>\u00a0<u><\/u><\/p>\n<p class=\"m_2708503463419532943MsoNoSpacing\" style=\"text-align: justify;\">Aulas de 11 a 14 de novembro, das 19h \u00e0s 22h, no Senai (Rua Jos\u00e9 Am\u00edlcar Congro Bastos, 1313, Vila Nova).<u><\/u><u><\/u><u><\/u>\u00a0<u><\/u><\/p>\n<p class=\"m_2708503463419532943MsoNoSpacing\" style=\"text-align: justify;\">Inscri\u00e7\u00f5es pelo link\u00a0<a href=\"https:\/\/forms.gle\/2V1zodfheCPSWuY78\" target=\"_blank\" rel=\"noopener\" data-saferedirecturl=\"https:\/\/www.google.com\/url?q=https:\/\/forms.gle\/2V1zodfheCPSWuY78&amp;source=gmail&amp;ust=1730201910529000&amp;usg=AOvVaw0ND5KRE6eeI6psLh1nVNat\">https:\/\/forms.gle\/<wbr \/>2V1zodfheCPSWuY78<\/a><u><\/u><u><\/u><u><\/u>\u00a0<u><\/u><\/p>\n<p class=\"m_2708503463419532943MsoNoSpacing\" style=\"text-align: justify;\"><b>Dourados<u><\/u><u><\/u><\/b><u><\/u>\u00a0<u><\/u><\/p>\n<p class=\"m_2708503463419532943MsoNoSpacing\" style=\"text-align: justify;\">Aulas de 25 a 28 de novembro, das 19h \u00e0s 22h, no Sesi (Rua Waldomiro de Souza, 290, Vila Industrial).<u><\/u><u><\/u><u><\/u>\u00a0<u><\/u><\/p>\n<p class=\"m_2708503463419532943MsoNoSpacing\" style=\"text-align: justify;\">Inscri\u00e7\u00f5es pelo link\u00a0<a href=\"https:\/\/forms.gle\/yHALcNzYm8KdHPmz8\" target=\"_blank\" rel=\"noopener\" data-saferedirecturl=\"https:\/\/www.google.com\/url?q=https:\/\/forms.gle\/yHALcNzYm8KdHPmz8&amp;source=gmail&amp;ust=1730201910529000&amp;usg=AOvVaw3bIlElWy18hJk1unV8M3Bc\">https:\/\/forms.gle\/<wbr \/>yHALcNzYm8KdHPmz8<\/a><\/p>\n<p style=\"text-align: justify;\">Continue em nossa companhia. Veja mais not\u00edcias em: <a href=\"http:\/\/www.mspontocom.com.br\">www.mspontocom.com.br<\/a><\/p>\n<p style=\"text-align: justify;\">Instagram \u00a0e X:\u00a0 @mspontocom<\/p>\n","protected":false},"excerpt":{"rendered":"<p>O IEL-MS est\u00e1 com inscri\u00e7\u00f5es abertas para o curso de orat\u00f3ria &#8220;A arte de expressar-se bem para qualquer p\u00fablico&#8221;. O treinamento ser\u00e1 realizado nas cidades de Campo Grande, Dourados e Tr\u00eas Lagoas, com datas distintas para cada localidade.\u00a0 Ministrado pelo jornalista e apresentador de TV com mais de 30 anos de experi\u00eancia, Guto Dobes, o [&hellip;]<\/p>\n","protected":false},"author":2,"featured_media":194912,"comment_status":"open","ping_status":"open","sticky":false,"template":"","format":"standard","meta":{"_monsterinsights_skip_tracking":false,"_monsterinsights_sitenote_active":false,"_monsterinsights_sitenote_note":"","_monsterinsights_sitenote_category":0},"categories":[74],"tags":[435,9274,3316,32913],"aioseo_notices":[],"_links":{"self":[{"href":"https:\/\/mspontocom.com.br\/site\/wp-json\/wp\/v2\/posts\/194904"}],"collection":[{"href":"https:\/\/mspontocom.com.br\/site\/wp-json\/wp\/v2\/posts"}],"about":[{"href":"https:\/\/mspontocom.com.br\/site\/wp-json\/wp\/v2\/types\/post"}],"author":[{"embeddable":true,"href":"https:\/\/mspontocom.com.br\/site\/wp-json\/wp\/v2\/users\/2"}],"replies":[{"embeddable":true,"href":"https:\/\/mspontocom.com.br\/site\/wp-json\/wp\/v2\/comments?post=194904"}],"version-history":[{"count":2,"href":"https:\/\/mspontocom.com.br\/site\/wp-json\/wp\/v2\/posts\/194904\/revisions"}],"predecessor-version":[{"id":194913,"href":"https:\/\/mspontocom.com.br\/site\/wp-json\/wp\/v2\/posts\/194904\/revisions\/194913"}],"wp:featuredmedia":[{"embeddable":true,"href":"https:\/\/mspontocom.com.br\/site\/wp-json\/wp\/v2\/media\/194912"}],"wp:attachment":[{"href":"https:\/\/mspontocom.com.br\/site\/wp-json\/wp\/v2\/media?parent=194904"}],"wp:term":[{"taxonomy":"category","embeddable":true,"href":"https:\/\/mspontocom.com.br\/site\/wp-json\/wp\/v2\/categories?post=194904"},{"taxonomy":"post_tag","embeddable":true,"href":"https:\/\/mspontocom.com.br\/site\/wp-json\/wp\/v2\/tags?post=194904"}],"curies":[{"name":"wp","href":"https:\/\/api.w.org\/{rel}","templated":true}]}}