{"id":195084,"date":"2024-11-04T05:05:20","date_gmt":"2024-11-04T09:05:20","guid":{"rendered":"https:\/\/mspontocom.com.br\/site\/?p=195084"},"modified":"2024-11-04T06:40:23","modified_gmt":"2024-11-04T10:40:23","slug":"governo-ms-promove-feira-da-empregabilidade-com-mais-de-350-vagas-em-campo-grande","status":"publish","type":"post","link":"https:\/\/mspontocom.com.br\/site\/governo-ms-promove-feira-da-empregabilidade-com-mais-de-350-vagas-em-campo-grande\/","title":{"rendered":"Governo MS promove \u2018Feira da Empregabilidade\u2019 com mais de 350 vagas em Campo Grande"},"content":{"rendered":"<p style=\"text-align: justify;\"><img loading=\"lazy\" class=\"alignnone size-full wp-image-195089\" src=\"https:\/\/mspontocom.com.br\/site\/wp-content\/uploads\/2024\/11\/site-governo-ms-promove-feira-da-empregabilidade-com-mais-de-350-vagas-em-campo-grande-feirao-1024x1024-1.jpg\" alt=\"\" width=\"1024\" height=\"1024\" srcset=\"https:\/\/mspontocom.com.br\/site\/wp-content\/uploads\/2024\/11\/site-governo-ms-promove-feira-da-empregabilidade-com-mais-de-350-vagas-em-campo-grande-feirao-1024x1024-1.jpg 1024w, https:\/\/mspontocom.com.br\/site\/wp-content\/uploads\/2024\/11\/site-governo-ms-promove-feira-da-empregabilidade-com-mais-de-350-vagas-em-campo-grande-feirao-1024x1024-1-260x260.jpg 260w, https:\/\/mspontocom.com.br\/site\/wp-content\/uploads\/2024\/11\/site-governo-ms-promove-feira-da-empregabilidade-com-mais-de-350-vagas-em-campo-grande-feirao-1024x1024-1-150x150.jpg 150w, https:\/\/mspontocom.com.br\/site\/wp-content\/uploads\/2024\/11\/site-governo-ms-promove-feira-da-empregabilidade-com-mais-de-350-vagas-em-campo-grande-feirao-1024x1024-1-768x768.jpg 768w\" sizes=\"(max-width: 1024px) 100vw, 1024px\" \/>A 3\u00aa Feira da Empregabilidade, evento que atende o p\u00fablico em geral e, nessa edi\u00e7\u00e3o, ter\u00e1 um vi\u00e9s especial para ex-militares do Ex\u00e9rcito, vai oferecer aproximadamente 350 vagas de emprego nas \u00e1reas de servi\u00e7os, com\u00e9rcio, ind\u00fastria, transporte e log\u00edstica na pr\u00f3xima ter\u00e7a (5) e quarta-feira (6), em Campo Grande.<\/p>\n<p style=\"text-align: justify;\">A previs\u00e3o \u00e9 de que mais de 700 ex-militares e seus familiares estejam entre os participantes, que ter\u00e3o acesso \u00e0s oportunidades ofertadas.<\/p>\n<p style=\"text-align: justify;\">O objetivo do evento \u00e9 integrar os jovens rec\u00e9m-sa\u00eddos do servi\u00e7o militar ao universo da qualifica\u00e7\u00e3o profissional, emprego e mercado de trabalho.<\/p>\n<p style=\"text-align: justify;\">Contudo, a popula\u00e7\u00e3o em geral segue convidada a buscar uma vaga para iniciar um novo emprego neste fim de ano.<\/p>\n<p style=\"text-align: justify;\">Durante os dois dias de evento, mais de 20 empresas estar\u00e3o presentes para contratar os candidatos \u00e0s vagas abertas.<\/p>\n<p style=\"text-align: justify;\">Al\u00e9m disso, o Sistema S oferece diversos cursos de qualifica\u00e7\u00e3o e tiram d\u00favidas dos interessados, ampliando as chances de recoloca\u00e7\u00e3o e desenvolvimento profissional.<\/p>\n<p style=\"text-align: justify;\"><strong>Servi\u00e7o<\/strong><\/p>\n<p style=\"text-align: justify;\">O atendimento ser\u00e1 realizado na ter\u00e7a-feira (5), das 13h \u00e0s 18h, e na quarta-feira (6), das 8h \u00e0s 17h.<\/p>\n<p style=\"text-align: justify;\">\u00c9 necess\u00e1rio levar documento pessoal com foto e carteira de trabalho, seja f\u00edsica ou digital.<\/p>\n<p style=\"text-align: justify;\"><strong>Local<\/strong>: Centro de Conven\u00e7\u00f5es Arquiteto Rubens Gil de Camillo.<\/p>\n<p style=\"text-align: justify;\"><em>fonte: Juliana Zanlorenzi, Comunica\u00e7\u00e3o<br \/>\nFoto: Luiz Volney<\/em><\/p>\n<p>Continue em nossa companhia. Veja mais not\u00edcias em: <a href=\"http:\/\/www.mspontocom.com.br\">www.mspontocom.com.br<\/a><\/p>\n<p>Instagram \u00a0e X:\u00a0 @mspontocom<\/p>\n","protected":false},"excerpt":{"rendered":"<p>A 3\u00aa Feira da Empregabilidade, evento que atende o p\u00fablico em geral e, nessa edi\u00e7\u00e3o, ter\u00e1 um vi\u00e9s especial para ex-militares do Ex\u00e9rcito, vai oferecer aproximadamente 350 vagas de emprego nas \u00e1reas de servi\u00e7os, com\u00e9rcio, ind\u00fastria, transporte e log\u00edstica na pr\u00f3xima ter\u00e7a (5) e quarta-feira (6), em Campo Grande. A previs\u00e3o \u00e9 de que mais [&hellip;]<\/p>\n","protected":false},"author":2,"featured_media":195089,"comment_status":"open","ping_status":"open","sticky":false,"template":"","format":"standard","meta":{"_monsterinsights_skip_tracking":false,"_monsterinsights_sitenote_active":false,"_monsterinsights_sitenote_note":"","_monsterinsights_sitenote_category":0},"categories":[28176,74],"tags":[30456,123,649,347],"aioseo_notices":[],"_links":{"self":[{"href":"https:\/\/mspontocom.com.br\/site\/wp-json\/wp\/v2\/posts\/195084"}],"collection":[{"href":"https:\/\/mspontocom.com.br\/site\/wp-json\/wp\/v2\/posts"}],"about":[{"href":"https:\/\/mspontocom.com.br\/site\/wp-json\/wp\/v2\/types\/post"}],"author":[{"embeddable":true,"href":"https:\/\/mspontocom.com.br\/site\/wp-json\/wp\/v2\/users\/2"}],"replies":[{"embeddable":true,"href":"https:\/\/mspontocom.com.br\/site\/wp-json\/wp\/v2\/comments?post=195084"}],"version-history":[{"count":2,"href":"https:\/\/mspontocom.com.br\/site\/wp-json\/wp\/v2\/posts\/195084\/revisions"}],"predecessor-version":[{"id":195090,"href":"https:\/\/mspontocom.com.br\/site\/wp-json\/wp\/v2\/posts\/195084\/revisions\/195090"}],"wp:featuredmedia":[{"embeddable":true,"href":"https:\/\/mspontocom.com.br\/site\/wp-json\/wp\/v2\/media\/195089"}],"wp:attachment":[{"href":"https:\/\/mspontocom.com.br\/site\/wp-json\/wp\/v2\/media?parent=195084"}],"wp:term":[{"taxonomy":"category","embeddable":true,"href":"https:\/\/mspontocom.com.br\/site\/wp-json\/wp\/v2\/categories?post=195084"},{"taxonomy":"post_tag","embeddable":true,"href":"https:\/\/mspontocom.com.br\/site\/wp-json\/wp\/v2\/tags?post=195084"}],"curies":[{"name":"wp","href":"https:\/\/api.w.org\/{rel}","templated":true}]}}