{"id":195110,"date":"2024-11-05T08:18:24","date_gmt":"2024-11-05T12:18:24","guid":{"rendered":"https:\/\/mspontocom.com.br\/site\/?p=195110"},"modified":"2024-11-05T08:18:24","modified_gmt":"2024-11-05T12:18:24","slug":"governo-apresenta-desempenho-economico-de-ms-ao-mercado-financeiro-e-investidores","status":"publish","type":"post","link":"https:\/\/mspontocom.com.br\/site\/governo-apresenta-desempenho-economico-de-ms-ao-mercado-financeiro-e-investidores\/","title":{"rendered":"Governo apresenta desempenho econ\u00f4mico de MS ao mercado financeiro e investidores"},"content":{"rendered":"<p style=\"text-align: justify;\"><img loading=\"lazy\" class=\"alignnone size-full wp-image-195126\" src=\"https:\/\/mspontocom.com.br\/site\/wp-content\/uploads\/2024\/11\/site-governo-do-estado-apresenta-desempenho-economico-de-ms-ao-mercado-financeiro-e-investidores-agroforum.png\" alt=\"\" width=\"1024\" height=\"527\" srcset=\"https:\/\/mspontocom.com.br\/site\/wp-content\/uploads\/2024\/11\/site-governo-do-estado-apresenta-desempenho-economico-de-ms-ao-mercado-financeiro-e-investidores-agroforum.png 1024w, https:\/\/mspontocom.com.br\/site\/wp-content\/uploads\/2024\/11\/site-governo-do-estado-apresenta-desempenho-economico-de-ms-ao-mercado-financeiro-e-investidores-agroforum-260x134.png 260w, https:\/\/mspontocom.com.br\/site\/wp-content\/uploads\/2024\/11\/site-governo-do-estado-apresenta-desempenho-economico-de-ms-ao-mercado-financeiro-e-investidores-agroforum-768x395.png 768w\" sizes=\"(max-width: 1024px) 100vw, 1024px\" \/>&#8220;O Mato Grosso do Sul est\u00e1 inserido numa agenda global, comprometido com a seguran\u00e7a alimentar e contribuindo com a transi\u00e7\u00e3o energ\u00e9tica do Pa\u00eds&#8221;.<\/p>\n<p style=\"text-align: justify;\">Assim o governador Eduardo Riedel se posicionou durante sua participa\u00e7\u00e3o\u00a0<em>on-line<\/em>\u00a0no AgroForum 2024, evento focado no setor agr\u00edcola e organizado pelo BTG Pactual.<\/p>\n<p style=\"text-align: justify;\">Riedel iniciou sua explana\u00e7\u00e3o no painel &#8216;O Papel dos Estados no Futuro do Agroneg\u00f3cio&#8217; dando um panorama da revolu\u00e7\u00e3o no agroneg\u00f3cio, que aconteceu no Estado nos \u00faltimos 15 anos, saltando sua produ\u00e7\u00e3o agr\u00edcola de 1,8 milh\u00f5es de hectares de \u00e1rea plantada para atuais 4,6 milh\u00f5es de hectares.<\/p>\n<p style=\"text-align: justify;\">&#8220;Diversificamos a nossa matriz de produ\u00e7\u00e3o sem avan\u00e7ar em \u00e1reas de Cerrado aberto, recuperando \u00e1reas de pastagens, sem perder a pecu\u00e1ria de corte, e ampliando na cria\u00e7\u00e3o de su\u00ednos e aves&#8221;, destacou.<\/p>\n<p style=\"text-align: justify;\">Quando perguntado sobre o momento mundial de emerg\u00eancia clim\u00e1tica e mitiga\u00e7\u00e3o de riscos, Riedel afirmou que o modelo de desenvolvimento econ\u00f4mico adotado em Mato Grosso do Sul est\u00e1 amparado na sustentabilidade e que o pr\u00f3prio plantio direto absorve milh\u00f5es de toneladas de carbono e que a tecnologia adotada respeita o meio ambiente e permite hoje a colheita de at\u00e9 tr\u00eas safras por ano de algumas culturas.<\/p>\n<p style=\"text-align: justify;\">&#8220;Temos uma avenida colocada \u00e0 nossa frente e n\u00e3o podemos perder este bonde com cada vez mais fontes renovav\u00e9is, e um bioma \u00fanico como o Pantanal, com 84% da sua \u00e1rea preservada&#8221;.<\/p>\n<p style=\"text-align: justify;\">Ele lembrou ainda da entrada em opera\u00e7\u00e3o em 2026 da Rota Bioce\u00e2nica, oferecendo um novo escoamento de produtos de valor agregado, ligando o Mato Grosso do Sul aos portos do Chile, e assim alcan\u00e7ando o mercado asi\u00e1tico, com uma economia de at\u00e9 14 dias no transporte mar\u00edtimo.<\/p>\n<p style=\"text-align: justify;\"><em>fonte:Alexandre Gonzaga, Comunica\u00e7\u00e3o<\/em><br \/>\n<em>Fotos: Divulga\u00e7\u00e3o<\/em><\/p>\n<p style=\"text-align: justify;\">Continue em nossa companhia. Veja mais not\u00edcias em: <a href=\"http:\/\/www.mspontocom.com.br\">www.mspontocom.com.br<\/a><\/p>\n<p style=\"text-align: justify;\">Instagram \u00a0e X:\u00a0 @mspontocom<\/p>\n","protected":false},"excerpt":{"rendered":"<p>&#8220;O Mato Grosso do Sul est\u00e1 inserido numa agenda global, comprometido com a seguran\u00e7a alimentar e contribuindo com a transi\u00e7\u00e3o energ\u00e9tica do Pa\u00eds&#8221;. Assim o governador Eduardo Riedel se posicionou durante sua participa\u00e7\u00e3o\u00a0on-line\u00a0no AgroForum 2024, evento focado no setor agr\u00edcola e organizado pelo BTG Pactual. Riedel iniciou sua explana\u00e7\u00e3o no painel &#8216;O Papel dos Estados [&hellip;]<\/p>\n","protected":false},"author":2,"featured_media":195126,"comment_status":"open","ping_status":"open","sticky":false,"template":"","format":"standard","meta":{"_monsterinsights_skip_tracking":false,"_monsterinsights_sitenote_active":false,"_monsterinsights_sitenote_note":"","_monsterinsights_sitenote_category":0},"categories":[74],"tags":[4035,40496,78,25891,665,81],"aioseo_notices":[],"_links":{"self":[{"href":"https:\/\/mspontocom.com.br\/site\/wp-json\/wp\/v2\/posts\/195110"}],"collection":[{"href":"https:\/\/mspontocom.com.br\/site\/wp-json\/wp\/v2\/posts"}],"about":[{"href":"https:\/\/mspontocom.com.br\/site\/wp-json\/wp\/v2\/types\/post"}],"author":[{"embeddable":true,"href":"https:\/\/mspontocom.com.br\/site\/wp-json\/wp\/v2\/users\/2"}],"replies":[{"embeddable":true,"href":"https:\/\/mspontocom.com.br\/site\/wp-json\/wp\/v2\/comments?post=195110"}],"version-history":[{"count":2,"href":"https:\/\/mspontocom.com.br\/site\/wp-json\/wp\/v2\/posts\/195110\/revisions"}],"predecessor-version":[{"id":195127,"href":"https:\/\/mspontocom.com.br\/site\/wp-json\/wp\/v2\/posts\/195110\/revisions\/195127"}],"wp:featuredmedia":[{"embeddable":true,"href":"https:\/\/mspontocom.com.br\/site\/wp-json\/wp\/v2\/media\/195126"}],"wp:attachment":[{"href":"https:\/\/mspontocom.com.br\/site\/wp-json\/wp\/v2\/media?parent=195110"}],"wp:term":[{"taxonomy":"category","embeddable":true,"href":"https:\/\/mspontocom.com.br\/site\/wp-json\/wp\/v2\/categories?post=195110"},{"taxonomy":"post_tag","embeddable":true,"href":"https:\/\/mspontocom.com.br\/site\/wp-json\/wp\/v2\/tags?post=195110"}],"curies":[{"name":"wp","href":"https:\/\/api.w.org\/{rel}","templated":true}]}}