{"id":195174,"date":"2024-11-07T05:00:55","date_gmt":"2024-11-07T09:00:55","guid":{"rendered":"https:\/\/mspontocom.com.br\/site\/?p=195174"},"modified":"2024-11-07T07:36:14","modified_gmt":"2024-11-07T11:36:14","slug":"mato-grosso-do-sul-sedia-o-forum-nacional-das-secretarias-estaduais-de-comunicacao","status":"publish","type":"post","link":"https:\/\/mspontocom.com.br\/site\/mato-grosso-do-sul-sedia-o-forum-nacional-das-secretarias-estaduais-de-comunicacao\/","title":{"rendered":"Mato Grosso do Sul sedia o F\u00f3rum Nacional das Secretarias Estaduais de Comunica\u00e7\u00e3o"},"content":{"rendered":"<p style=\"text-align: justify;\"><img loading=\"lazy\" class=\"alignnone size-full wp-image-195186\" src=\"https:\/\/mspontocom.com.br\/site\/wp-content\/uploads\/2024\/11\/site-mato-grosso-do-sul-sedia-o-forum-nacional-das-secretarias-estaduais-de-comunicacao-tico.jpg\" alt=\"\" width=\"300\" height=\"198\" srcset=\"https:\/\/mspontocom.com.br\/site\/wp-content\/uploads\/2024\/11\/site-mato-grosso-do-sul-sedia-o-forum-nacional-das-secretarias-estaduais-de-comunicacao-tico.jpg 300w, https:\/\/mspontocom.com.br\/site\/wp-content\/uploads\/2024\/11\/site-mato-grosso-do-sul-sedia-o-forum-nacional-das-secretarias-estaduais-de-comunicacao-tico-260x172.jpg 260w\" sizes=\"(max-width: 300px) 100vw, 300px\" \/><\/p>\n<p style=\"text-align: justify;\">Mato Grosso do Sul\u00a0 sedia a partir desta quinta-feira (7) o <strong>6\u00ba F\u00f3rum Nacional das Secretarias Estaduais de Comunica\u00e7\u00e3o. <\/strong><\/p>\n<p style=\"text-align: justify;\">O evento vai discutir temais centrais como engajamento nas redes sociais, utiliza\u00e7\u00e3o das plataformas e comunica\u00e7\u00e3o institucional<\/p>\n<p style=\"text-align: justify;\">V\u00e3o participar do evento os secret\u00e1rios estaduais de Comunica\u00e7\u00e3o de todo Brasil<\/p>\n<p style=\"text-align: justify;\">Anfitri\u00e3o do evento, o secret\u00e1rio-executivo de Comunica\u00e7\u00e3o do Mato Grosso do Sul, <strong>Frederico Fukagawa Hozano de Souza<\/strong>, (foto) destacou que o encontro ser\u00e1 mais uma oportunidade de trocar experi\u00eancias e compartilhar os cases de sucesso desenvolvidos em cada estado no setor.<\/p>\n<p style=\"text-align: justify;\"><span style=\"font-size: 14pt;\"><em>\u201c\u00c9 uma oportunidade rica de trocar experi\u00eancias, conhecer outras realidades, evoluir em conhecimento e discutir quest\u00f5es extremamente relevantes na comunica\u00e7\u00e3o p\u00fablica. Vamos receber em casa este evento com o compromisso de proporcionar um bom ambiente a todos que participarem\u201d<\/em><\/span>, descreveu o secret\u00e1rio.<\/p>\n<p style=\"text-align: justify;\">Est\u00e3o previstos debates sobre comunica\u00e7\u00e3o digital na gest\u00e3o p\u00fablica, gastos em contratos de propaganda, assim como campanhas publicit\u00e1rias e boas pr\u00e1ticas nas despesas com publicidade.<\/p>\n<p style=\"text-align: justify;\">Tamb\u00e9m os secret\u00e1rios estaduais v\u00e3o assinar uma \u201ccarta compromisso de inten\u00e7\u00f5es\u201d sobre diretrizes para uma comunica\u00e7\u00e3o p\u00fablica mais eficaz e eficiente.<\/p>\n<p style=\"text-align: justify;\"><em>fonte: Leonardo Rocha, Comunica\u00e7\u00e3o<\/em><br \/>\n<em>Fotos: Divulga\u00e7\u00e3o\/CNSecom<\/em><\/p>\n<p style=\"text-align: justify;\">Continue em nossa companhia. Veja mais not\u00edcias em: <a href=\"http:\/\/www.mspontocom.com.br\">www.mspontocom.com.br<\/a><\/p>\n<p style=\"text-align: justify;\">Instagram \u00a0e X:\u00a0 @mspontocom<\/p>\n","protected":false},"excerpt":{"rendered":"<p>Mato Grosso do Sul\u00a0 sedia a partir desta quinta-feira (7) o 6\u00ba F\u00f3rum Nacional das Secretarias Estaduais de Comunica\u00e7\u00e3o. O evento vai discutir temais centrais como engajamento nas redes sociais, utiliza\u00e7\u00e3o das plataformas e comunica\u00e7\u00e3o institucional V\u00e3o participar do evento os secret\u00e1rios estaduais de Comunica\u00e7\u00e3o de todo Brasil Anfitri\u00e3o do evento, o secret\u00e1rio-executivo de Comunica\u00e7\u00e3o [&hellip;]<\/p>\n","protected":false},"author":2,"featured_media":195186,"comment_status":"open","ping_status":"open","sticky":false,"template":"","format":"standard","meta":{"_monsterinsights_skip_tracking":false,"_monsterinsights_sitenote_active":false,"_monsterinsights_sitenote_note":"","_monsterinsights_sitenote_category":0},"categories":[74],"tags":[1209,4536,3316,4208],"aioseo_notices":[],"_links":{"self":[{"href":"https:\/\/mspontocom.com.br\/site\/wp-json\/wp\/v2\/posts\/195174"}],"collection":[{"href":"https:\/\/mspontocom.com.br\/site\/wp-json\/wp\/v2\/posts"}],"about":[{"href":"https:\/\/mspontocom.com.br\/site\/wp-json\/wp\/v2\/types\/post"}],"author":[{"embeddable":true,"href":"https:\/\/mspontocom.com.br\/site\/wp-json\/wp\/v2\/users\/2"}],"replies":[{"embeddable":true,"href":"https:\/\/mspontocom.com.br\/site\/wp-json\/wp\/v2\/comments?post=195174"}],"version-history":[{"count":2,"href":"https:\/\/mspontocom.com.br\/site\/wp-json\/wp\/v2\/posts\/195174\/revisions"}],"predecessor-version":[{"id":195187,"href":"https:\/\/mspontocom.com.br\/site\/wp-json\/wp\/v2\/posts\/195174\/revisions\/195187"}],"wp:featuredmedia":[{"embeddable":true,"href":"https:\/\/mspontocom.com.br\/site\/wp-json\/wp\/v2\/media\/195186"}],"wp:attachment":[{"href":"https:\/\/mspontocom.com.br\/site\/wp-json\/wp\/v2\/media?parent=195174"}],"wp:term":[{"taxonomy":"category","embeddable":true,"href":"https:\/\/mspontocom.com.br\/site\/wp-json\/wp\/v2\/categories?post=195174"},{"taxonomy":"post_tag","embeddable":true,"href":"https:\/\/mspontocom.com.br\/site\/wp-json\/wp\/v2\/tags?post=195174"}],"curies":[{"name":"wp","href":"https:\/\/api.w.org\/{rel}","templated":true}]}}