{"id":195256,"date":"2024-11-11T07:35:03","date_gmt":"2024-11-11T11:35:03","guid":{"rendered":"https:\/\/mspontocom.com.br\/site\/?p=195256"},"modified":"2024-11-11T08:05:33","modified_gmt":"2024-11-11T12:05:33","slug":"brazil-great-again-trump-convida-bolsonaro-para-posse","status":"publish","type":"post","link":"https:\/\/mspontocom.com.br\/site\/brazil-great-again-trump-convida-bolsonaro-para-posse\/","title":{"rendered":"Brazil Great Again: Trump convida Bolsonaro para posse"},"content":{"rendered":"<p style=\"text-align: justify;\"><img loading=\"lazy\" class=\"alignnone size-full wp-image-195270\" src=\"https:\/\/mspontocom.com.br\/site\/wp-content\/uploads\/2024\/11\/site-brazil-great-again-trump-convida-bolsonaro-para-posse-trump1.webp\" alt=\"\" width=\"425\" height=\"230\" srcset=\"https:\/\/mspontocom.com.br\/site\/wp-content\/uploads\/2024\/11\/site-brazil-great-again-trump-convida-bolsonaro-para-posse-trump1.webp 425w, https:\/\/mspontocom.com.br\/site\/wp-content\/uploads\/2024\/11\/site-brazil-great-again-trump-convida-bolsonaro-para-posse-trump1-260x141.webp 260w\" sizes=\"(max-width: 425px) 100vw, 425px\" \/><\/p>\n<p style=\"text-align: justify;\">O ex-presidente Jair Bolsonaro (PL) parece disposto a lutar com o STF para ter o direito de ir aos Estados Unidos em janeiro para posse do presidente eleito <strong>Donald Trump.<\/strong><\/p>\n<p style=\"text-align: justify;\">Em liga\u00e7\u00e3o, Trump convidou o ex-chefe do executivo brasileiro para sua posse.<\/p>\n<p style=\"text-align: justify;\">Jair Bolsonaro conversou com Donald Trump momentos ap\u00f3s a contagem dos votos apontar a vit\u00f3ria como novo presidente dos Estados Unidos.<\/p>\n<p style=\"text-align: justify;\">Pelo telefone de Eduardo Bolsonaro, que intermediou o di\u00e1logo, o ex-presidente do Brasil <strong>ouviu de Trump que quer v\u00ea-lo em sua posse, em 20 de janeiro, no Capit\u00f3lio, em Washington DC.<\/strong><\/p>\n<p style=\"text-align: justify;\">Continue em nossa companhia. Veja mais not\u00edcias em: <a href=\"http:\/\/www.mspontocom.com.br\">www.mspontocom.com.br<\/a><\/p>\n<p style=\"text-align: justify;\">Instagram \u00a0e X:\u00a0 @mspontocom<\/p>\n","protected":false},"excerpt":{"rendered":"<p>O ex-presidente Jair Bolsonaro (PL) parece disposto a lutar com o STF para ter o direito de ir aos Estados Unidos em janeiro para posse do presidente eleito Donald Trump. Em liga\u00e7\u00e3o, Trump convidou o ex-chefe do executivo brasileiro para sua posse. Jair Bolsonaro conversou com Donald Trump momentos ap\u00f3s a contagem dos votos apontar [&hellip;]<\/p>\n","protected":false},"author":2,"featured_media":195281,"comment_status":"open","ping_status":"open","sticky":false,"template":"","format":"standard","meta":{"_monsterinsights_skip_tracking":false,"_monsterinsights_sitenote_active":false,"_monsterinsights_sitenote_note":"","_monsterinsights_sitenote_category":0},"categories":[30260,7,30259,12],"tags":[21017,42156,42157,572,28326],"aioseo_notices":[],"_links":{"self":[{"href":"https:\/\/mspontocom.com.br\/site\/wp-json\/wp\/v2\/posts\/195256"}],"collection":[{"href":"https:\/\/mspontocom.com.br\/site\/wp-json\/wp\/v2\/posts"}],"about":[{"href":"https:\/\/mspontocom.com.br\/site\/wp-json\/wp\/v2\/types\/post"}],"author":[{"embeddable":true,"href":"https:\/\/mspontocom.com.br\/site\/wp-json\/wp\/v2\/users\/2"}],"replies":[{"embeddable":true,"href":"https:\/\/mspontocom.com.br\/site\/wp-json\/wp\/v2\/comments?post=195256"}],"version-history":[{"count":3,"href":"https:\/\/mspontocom.com.br\/site\/wp-json\/wp\/v2\/posts\/195256\/revisions"}],"predecessor-version":[{"id":195282,"href":"https:\/\/mspontocom.com.br\/site\/wp-json\/wp\/v2\/posts\/195256\/revisions\/195282"}],"wp:featuredmedia":[{"embeddable":true,"href":"https:\/\/mspontocom.com.br\/site\/wp-json\/wp\/v2\/media\/195281"}],"wp:attachment":[{"href":"https:\/\/mspontocom.com.br\/site\/wp-json\/wp\/v2\/media?parent=195256"}],"wp:term":[{"taxonomy":"category","embeddable":true,"href":"https:\/\/mspontocom.com.br\/site\/wp-json\/wp\/v2\/categories?post=195256"},{"taxonomy":"post_tag","embeddable":true,"href":"https:\/\/mspontocom.com.br\/site\/wp-json\/wp\/v2\/tags?post=195256"}],"curies":[{"name":"wp","href":"https:\/\/api.w.org\/{rel}","templated":true}]}}