{"id":195274,"date":"2024-11-11T05:27:34","date_gmt":"2024-11-11T09:27:34","guid":{"rendered":"https:\/\/mspontocom.com.br\/site\/?p=195274"},"modified":"2024-11-11T09:04:18","modified_gmt":"2024-11-11T13:04:18","slug":"mato-grosso-do-sul-participa-da-missao-do-brasil-uniao-europeia","status":"publish","type":"post","link":"https:\/\/mspontocom.com.br\/site\/mato-grosso-do-sul-participa-da-missao-do-brasil-uniao-europeia\/","title":{"rendered":"Mato Grosso do Sul participa da \u201cMiss\u00e3o do Brasil \u2013 Uni\u00e3o Europeia\u201d"},"content":{"rendered":"<p style=\"text-align: justify;\"><img loading=\"lazy\" class=\"alignnone size-full wp-image-195287\" src=\"https:\/\/mspontocom.com.br\/site\/wp-content\/uploads\/2024\/11\/site-ms-participa-da-missao-do-brasil-uniao-europeia-ue.jpg\" alt=\"\" width=\"730\" height=\"480\" srcset=\"https:\/\/mspontocom.com.br\/site\/wp-content\/uploads\/2024\/11\/site-ms-participa-da-missao-do-brasil-uniao-europeia-ue.jpg 730w, https:\/\/mspontocom.com.br\/site\/wp-content\/uploads\/2024\/11\/site-ms-participa-da-missao-do-brasil-uniao-europeia-ue-260x171.jpg 260w\" sizes=\"(max-width: 730px) 100vw, 730px\" \/>Para discutir as perspectivas geopol\u00edticas para a Uni\u00e3o Europeia, governan\u00e7a do modelo europeu, pr\u00e1ticas de planejamento e or\u00e7amento, e oportunidades de investimento nos Estados brasileiros, o Governo do Estado de Mato Grosso do Sul foi representado na \u201cMiss\u00e3o do Brasil \u2013 Uni\u00e3o Europeia\u201d, evento organizado pelo Conseplan (Conselho Nacional de Planejamento), que ocorreu em Bruxelas, na B\u00e9lgica.<\/p>\n<p style=\"text-align: justify;\">O secret\u00e1rio-executivo de Gest\u00e3o Estrat\u00e9gica e Municipalismo, <strong>Thaner Castro Nogueira<\/strong> participou das agendas realizadas na embaixada do Brasil na Uni\u00e3o Europeia e no Parlamento Europeu.<\/p>\n<p style=\"text-align: justify;\">O embaixador do Brasil na Uni\u00e3o Europeia, Pedro Miguel da Costa e Silva, recebeu a delega\u00e7\u00e3o composta por dez secret\u00e1rios de Estado de Planejamento e abordou quest\u00f5es relacionadas ao posicionamento do Brasil junto aos \u00f3rg\u00e3os da Uni\u00e3o Europeia, destacando oportunidades de coopera\u00e7\u00e3o e alinhamento em temas de interesse comum.<\/p>\n<p style=\"text-align: justify;\">A agenda prosseguiu no departamento de temas econ\u00f4micos e financeiros da Secret\u00e1ria-geral do Conselho Europeu, onde foram debatidos assuntos or\u00e7ament\u00e1rios com t\u00e9cnicos e lideran\u00e7as da Unidade de Or\u00e7amento e Coes\u00e3o, al\u00e9m de representantes da Dire\u00e7\u00e3o-Geral de Or\u00e7amento da Comiss\u00e3o Europeia.<\/p>\n<p style=\"text-align: justify;\"><em><span style=\"font-size: 14pt;\">\u201cEntender o funcionamento de uma institui\u00e7\u00e3o, t\u00e3o complexa e importante, nos d\u00e1 refer\u00eancias inovadoras e pode nos levar a planejar melhor e executar pol\u00edticas p\u00fablicas que realmente atendam \u00e0s necessidades e expectativas da popula\u00e7\u00e3o\u201d<\/span><\/em>, afirmou o secret\u00e1rio-executivo Thaner Castro Nogueira, sobre a import\u00e2ncia da experi\u00eancia.<\/p>\n<p style=\"text-align: justify;\">Continue em nossa companhia. Veja mais not\u00edcias em: <a href=\"http:\/\/www.mspontocom.com.br\">www.mspontocom.com.br<\/a><\/p>\n<p style=\"text-align: justify;\">Instagram \u00a0e X:\u00a0 @mspontocom<\/p>\n<p style=\"text-align: justify;\"><em>fonte:Renata Brum, Comunica\u00e7\u00e3o<br \/>\nFoto: Divulga\u00e7\u00e3o Segem<\/em><\/p>\n","protected":false},"excerpt":{"rendered":"<p>Para discutir as perspectivas geopol\u00edticas para a Uni\u00e3o Europeia, governan\u00e7a do modelo europeu, pr\u00e1ticas de planejamento e or\u00e7amento, e oportunidades de investimento nos Estados brasileiros, o Governo do Estado de Mato Grosso do Sul foi representado na \u201cMiss\u00e3o do Brasil \u2013 Uni\u00e3o Europeia\u201d, evento organizado pelo Conseplan (Conselho Nacional de Planejamento), que ocorreu em Bruxelas, [&hellip;]<\/p>\n","protected":false},"author":2,"featured_media":195287,"comment_status":"open","ping_status":"open","sticky":false,"template":"","format":"standard","meta":{"_monsterinsights_skip_tracking":false,"_monsterinsights_sitenote_active":false,"_monsterinsights_sitenote_note":"","_monsterinsights_sitenote_category":0},"categories":[74],"tags":[3316,42159,777],"aioseo_notices":[],"_links":{"self":[{"href":"https:\/\/mspontocom.com.br\/site\/wp-json\/wp\/v2\/posts\/195274"}],"collection":[{"href":"https:\/\/mspontocom.com.br\/site\/wp-json\/wp\/v2\/posts"}],"about":[{"href":"https:\/\/mspontocom.com.br\/site\/wp-json\/wp\/v2\/types\/post"}],"author":[{"embeddable":true,"href":"https:\/\/mspontocom.com.br\/site\/wp-json\/wp\/v2\/users\/2"}],"replies":[{"embeddable":true,"href":"https:\/\/mspontocom.com.br\/site\/wp-json\/wp\/v2\/comments?post=195274"}],"version-history":[{"count":2,"href":"https:\/\/mspontocom.com.br\/site\/wp-json\/wp\/v2\/posts\/195274\/revisions"}],"predecessor-version":[{"id":195288,"href":"https:\/\/mspontocom.com.br\/site\/wp-json\/wp\/v2\/posts\/195274\/revisions\/195288"}],"wp:featuredmedia":[{"embeddable":true,"href":"https:\/\/mspontocom.com.br\/site\/wp-json\/wp\/v2\/media\/195287"}],"wp:attachment":[{"href":"https:\/\/mspontocom.com.br\/site\/wp-json\/wp\/v2\/media?parent=195274"}],"wp:term":[{"taxonomy":"category","embeddable":true,"href":"https:\/\/mspontocom.com.br\/site\/wp-json\/wp\/v2\/categories?post=195274"},{"taxonomy":"post_tag","embeddable":true,"href":"https:\/\/mspontocom.com.br\/site\/wp-json\/wp\/v2\/tags?post=195274"}],"curies":[{"name":"wp","href":"https:\/\/api.w.org\/{rel}","templated":true}]}}