{"id":195276,"date":"2024-11-11T05:09:59","date_gmt":"2024-11-11T09:09:59","guid":{"rendered":"https:\/\/mspontocom.com.br\/site\/?p=195276"},"modified":"2024-11-11T08:23:16","modified_gmt":"2024-11-11T12:23:16","slug":"tik-tok-e-legislacao-digital-foram-temas-do-forum-em-mato-grosso-do-sul","status":"publish","type":"post","link":"https:\/\/mspontocom.com.br\/site\/tik-tok-e-legislacao-digital-foram-temas-do-forum-em-mato-grosso-do-sul\/","title":{"rendered":"TIK TOK e legisla\u00e7\u00e3o digital foram temas do F\u00f3rum em Mato Grosso do Sul"},"content":{"rendered":"<p style=\"text-align: justify;\"><img loading=\"lazy\" class=\"alignnone size-full wp-image-195283\" src=\"https:\/\/mspontocom.com.br\/site\/wp-content\/uploads\/2024\/11\/site-tik-tok-e-legislacao-digital-foram-temas-do-forum-em-mato-grosso-do-sul-forum-comunicacao-dia-2-alvaro-rezende-730x480-1.jpg\" alt=\"\" width=\"730\" height=\"480\" srcset=\"https:\/\/mspontocom.com.br\/site\/wp-content\/uploads\/2024\/11\/site-tik-tok-e-legislacao-digital-foram-temas-do-forum-em-mato-grosso-do-sul-forum-comunicacao-dia-2-alvaro-rezende-730x480-1.jpg 730w, https:\/\/mspontocom.com.br\/site\/wp-content\/uploads\/2024\/11\/site-tik-tok-e-legislacao-digital-foram-temas-do-forum-em-mato-grosso-do-sul-forum-comunicacao-dia-2-alvaro-rezende-730x480-1-260x171.jpg 260w\" sizes=\"(max-width: 730px) 100vw, 730px\" \/>As estrat\u00e9gias de engajamento espec\u00edficas para a comunica\u00e7\u00e3o p\u00fablica no <strong>TikTok<\/strong> e a legisla\u00e7\u00e3o digital foram os temas abordados no <strong>F\u00f3rum Nacional das Secretarias Estaduais de Comunica\u00e7\u00e3o.<\/strong><\/p>\n<p style=\"text-align: justify;\">O evento reuniu desde o dia 7 de novembro, os secret\u00e1rios de comunica\u00e7\u00e3o de diversos estados do Brasil.<\/p>\n<p style=\"text-align: justify;\"><span style=\"font-size: 14pt;\"><span style=\"font-size: 18pt;\"><em>&#8220;O TikTok consegue conectar o usu\u00e1rio, de forma descontra\u00edda, e levar ele a uma tomada de a\u00e7\u00e3o\u201d<\/em><\/span><strong>,<\/strong><\/span> disse Leandro Albuquerque, representante do TikTok, que ministrou a palestra \u201cDesvendando o TikTok: estrat\u00e9gias e engajamento na rede social do momento\u201d.<\/p>\n<p style=\"text-align: justify;\">A \u201cLegisla\u00e7\u00e3o Digital para Comunica\u00e7\u00e3o P\u00fablica\u201d foi o tema da palestra ministrada por Ot\u00e1vio Venturini, especialista em Compliance, Prote\u00e7\u00e3o de Dados e Direito Administrativo.<\/p>\n<p style=\"text-align: justify;\">O F\u00f3rum foi comandado pelo secret\u00e1rio-executivo de Comunica\u00e7\u00e3o do Mato Grosso do Sul, <strong>Frederico Fukagawa Hozano de Souza.<\/strong><\/p>\n<p style=\"text-align: justify;\">Continue em nossa companhia. Veja mais not\u00edcias em: <a href=\"http:\/\/www.mspontocom.com.br\">www.mspontocom.com.br<\/a><\/p>\n<p style=\"text-align: justify;\">Instagram \u00a0e X:\u00a0 @mspontocom<\/p>\n<p style=\"text-align: justify;\"><em>fonte: Natalia Yahn, Comunica\u00e7\u00e3o\u00a0<\/em><br \/>\n<em>Foto: \u00c1lvaro Rezende<\/em><\/p>\n","protected":false},"excerpt":{"rendered":"<p>As estrat\u00e9gias de engajamento espec\u00edficas para a comunica\u00e7\u00e3o p\u00fablica no TikTok e a legisla\u00e7\u00e3o digital foram os temas abordados no F\u00f3rum Nacional das Secretarias Estaduais de Comunica\u00e7\u00e3o. O evento reuniu desde o dia 7 de novembro, os secret\u00e1rios de comunica\u00e7\u00e3o de diversos estados do Brasil. &#8220;O TikTok consegue conectar o usu\u00e1rio, de forma descontra\u00edda, e [&hellip;]<\/p>\n","protected":false},"author":2,"featured_media":195283,"comment_status":"open","ping_status":"open","sticky":false,"template":"","format":"standard","meta":{"_monsterinsights_skip_tracking":false,"_monsterinsights_sitenote_active":false,"_monsterinsights_sitenote_note":"","_monsterinsights_sitenote_category":0},"categories":[74],"tags":[1399,42158,3316,38361],"aioseo_notices":[],"_links":{"self":[{"href":"https:\/\/mspontocom.com.br\/site\/wp-json\/wp\/v2\/posts\/195276"}],"collection":[{"href":"https:\/\/mspontocom.com.br\/site\/wp-json\/wp\/v2\/posts"}],"about":[{"href":"https:\/\/mspontocom.com.br\/site\/wp-json\/wp\/v2\/types\/post"}],"author":[{"embeddable":true,"href":"https:\/\/mspontocom.com.br\/site\/wp-json\/wp\/v2\/users\/2"}],"replies":[{"embeddable":true,"href":"https:\/\/mspontocom.com.br\/site\/wp-json\/wp\/v2\/comments?post=195276"}],"version-history":[{"count":2,"href":"https:\/\/mspontocom.com.br\/site\/wp-json\/wp\/v2\/posts\/195276\/revisions"}],"predecessor-version":[{"id":195284,"href":"https:\/\/mspontocom.com.br\/site\/wp-json\/wp\/v2\/posts\/195276\/revisions\/195284"}],"wp:featuredmedia":[{"embeddable":true,"href":"https:\/\/mspontocom.com.br\/site\/wp-json\/wp\/v2\/media\/195283"}],"wp:attachment":[{"href":"https:\/\/mspontocom.com.br\/site\/wp-json\/wp\/v2\/media?parent=195276"}],"wp:term":[{"taxonomy":"category","embeddable":true,"href":"https:\/\/mspontocom.com.br\/site\/wp-json\/wp\/v2\/categories?post=195276"},{"taxonomy":"post_tag","embeddable":true,"href":"https:\/\/mspontocom.com.br\/site\/wp-json\/wp\/v2\/tags?post=195276"}],"curies":[{"name":"wp","href":"https:\/\/api.w.org\/{rel}","templated":true}]}}