{"id":195289,"date":"2024-11-11T09:32:29","date_gmt":"2024-11-11T13:32:29","guid":{"rendered":"https:\/\/mspontocom.com.br\/site\/?p=195289"},"modified":"2024-11-11T09:32:29","modified_gmt":"2024-11-11T13:32:29","slug":"como-pilatos-lula-diz-que-maduro-e-problema-da-venezuela-nao-do-brasil","status":"publish","type":"post","link":"https:\/\/mspontocom.com.br\/site\/como-pilatos-lula-diz-que-maduro-e-problema-da-venezuela-nao-do-brasil\/","title":{"rendered":"Como Pilatos, Lula diz que Maduro \u00e9 \u201cproblema da Venezuela, n\u00e3o do Brasil\u201d."},"content":{"rendered":"<p style=\"text-align: justify;\"><span style=\"color: #212529; font-family: georgia, palatino, serif; font-size: 12pt;\"><img loading=\"lazy\" class=\"alignnone size-full wp-image-195290\" src=\"https:\/\/mspontocom.com.br\/site\/wp-content\/uploads\/2024\/11\/site-como-pilatos-lula-diz-que-maduro-e-problema-da-venezuela-nao-do-brasil-lavando.webp\" alt=\"\" width=\"420\" height=\"240\" srcset=\"https:\/\/mspontocom.com.br\/site\/wp-content\/uploads\/2024\/11\/site-como-pilatos-lula-diz-que-maduro-e-problema-da-venezuela-nao-do-brasil-lavando.webp 420w, https:\/\/mspontocom.com.br\/site\/wp-content\/uploads\/2024\/11\/site-como-pilatos-lula-diz-que-maduro-e-problema-da-venezuela-nao-do-brasil-lavando-260x149.webp 260w\" sizes=\"(max-width: 420px) 100vw, 420px\" \/><\/span><\/p>\n<p style=\"text-align: justify;\"><span style=\"color: #212529; font-family: georgia, palatino, serif; font-size: 12pt;\">O presidente Luiz Inacio Lula da Silva (PT) foi questionado pelo senador Jorge Kajuru (PSB-GO) se \u201cn\u00e3o est\u00e1 na hora de ignorar o [presidente da Venezuela] Maduro\u201d. <\/span><\/p>\n<p style=\"text-align: justify;\"><span style=\"color: #212529; font-family: georgia, palatino, serif; font-size: 12pt;\">A pergunta foi feita durante a sabatina do PODK Liberados, da RedeTV!,<\/span><\/p>\n<p style=\"text-align: justify;\"><span style=\"color: #212529; font-family: georgia, palatino, serif; font-size: 12pt;\"><strong>Como Pilatos, lavando as m\u00e3os,\u00a0<\/strong> Lula disse que Nicol\u00e1s Maduro \u201c\u00e9 um problema da Venezuela, n\u00e3o do Brasil\u201d.<\/span><\/p>\n<p style=\"text-align: justify;\">Lula tamb\u00e9m declarou que n\u00e3o ir\u00e1 questionar a decis\u00e3o da Suprema Corte Venezuelana.<\/p>\n<p style=\"text-align: justify;\">Eu n\u00e3o tenho o direito de ficar questionando a Suprema Corte de outro pa\u00eds, porque n\u00e3o quero que questionem a minha [sic] suprema corte\u201d, complementou.<\/p>\n<p style=\"text-align: justify;\">Continue em nossa companhia. Veja mais not\u00edcias em: <a href=\"http:\/\/www.mspontocom.com.br\">www.mspontocom.com.br<\/a><\/p>\n<p style=\"text-align: justify;\">Instagram \u00a0e X:\u00a0 @mspontocom<\/p>\n","protected":false},"excerpt":{"rendered":"<p>O presidente Luiz Inacio Lula da Silva (PT) foi questionado pelo senador Jorge Kajuru (PSB-GO) se \u201cn\u00e3o est\u00e1 na hora de ignorar o [presidente da Venezuela] Maduro\u201d. A pergunta foi feita durante a sabatina do PODK Liberados, da RedeTV!, Como Pilatos, lavando as m\u00e3os,\u00a0 Lula disse que Nicol\u00e1s Maduro \u201c\u00e9 um problema da Venezuela, n\u00e3o [&hellip;]<\/p>\n","protected":false},"author":2,"featured_media":195290,"comment_status":"open","ping_status":"open","sticky":false,"template":"","format":"standard","meta":{"_monsterinsights_skip_tracking":false,"_monsterinsights_sitenote_active":false,"_monsterinsights_sitenote_note":"","_monsterinsights_sitenote_category":0},"categories":[7,12],"tags":[30254,480,29082,42160,32824,1310],"aioseo_notices":[],"_links":{"self":[{"href":"https:\/\/mspontocom.com.br\/site\/wp-json\/wp\/v2\/posts\/195289"}],"collection":[{"href":"https:\/\/mspontocom.com.br\/site\/wp-json\/wp\/v2\/posts"}],"about":[{"href":"https:\/\/mspontocom.com.br\/site\/wp-json\/wp\/v2\/types\/post"}],"author":[{"embeddable":true,"href":"https:\/\/mspontocom.com.br\/site\/wp-json\/wp\/v2\/users\/2"}],"replies":[{"embeddable":true,"href":"https:\/\/mspontocom.com.br\/site\/wp-json\/wp\/v2\/comments?post=195289"}],"version-history":[{"count":1,"href":"https:\/\/mspontocom.com.br\/site\/wp-json\/wp\/v2\/posts\/195289\/revisions"}],"predecessor-version":[{"id":195291,"href":"https:\/\/mspontocom.com.br\/site\/wp-json\/wp\/v2\/posts\/195289\/revisions\/195291"}],"wp:featuredmedia":[{"embeddable":true,"href":"https:\/\/mspontocom.com.br\/site\/wp-json\/wp\/v2\/media\/195290"}],"wp:attachment":[{"href":"https:\/\/mspontocom.com.br\/site\/wp-json\/wp\/v2\/media?parent=195289"}],"wp:term":[{"taxonomy":"category","embeddable":true,"href":"https:\/\/mspontocom.com.br\/site\/wp-json\/wp\/v2\/categories?post=195289"},{"taxonomy":"post_tag","embeddable":true,"href":"https:\/\/mspontocom.com.br\/site\/wp-json\/wp\/v2\/tags?post=195289"}],"curies":[{"name":"wp","href":"https:\/\/api.w.org\/{rel}","templated":true}]}}