{"id":195310,"date":"2024-11-12T04:44:32","date_gmt":"2024-11-12T08:44:32","guid":{"rendered":"https:\/\/mspontocom.com.br\/site\/?p=195310"},"modified":"2024-11-12T07:50:30","modified_gmt":"2024-11-12T11:50:30","slug":"gigante-mundial-do-setor-de-de-laranja-esta-em-mato-grosso-do-sul","status":"publish","type":"post","link":"https:\/\/mspontocom.com.br\/site\/gigante-mundial-do-setor-de-de-laranja-esta-em-mato-grosso-do-sul\/","title":{"rendered":"Gigante mundial do setor de de laranja est\u00e1 em Mato Grosso do Sul"},"content":{"rendered":"<p style=\"text-align: justify;\"><img loading=\"lazy\" class=\"alignnone size-full wp-image-195325\" src=\"https:\/\/mspontocom.com.br\/site\/wp-content\/uploads\/2024\/11\/site-gigante-mundial-do-setor-de-de-laranja-esta-em-mato-grosso-do-sul-laranja.jpg\" alt=\"\" width=\"730\" height=\"480\" srcset=\"https:\/\/mspontocom.com.br\/site\/wp-content\/uploads\/2024\/11\/site-gigante-mundial-do-setor-de-de-laranja-esta-em-mato-grosso-do-sul-laranja.jpg 730w, https:\/\/mspontocom.com.br\/site\/wp-content\/uploads\/2024\/11\/site-gigante-mundial-do-setor-de-de-laranja-esta-em-mato-grosso-do-sul-laranja-260x171.jpg 260w\" sizes=\"(max-width: 730px) 100vw, 730px\" \/>Com foco na gera\u00e7\u00e3o de empregos e no desenvolvimento regional,\u00a0 a citricultura est\u00e1 em expans\u00e3o no Mato Grosso do Sul.<\/p>\n<p style=\"text-align: justify;\">O Grupo Cutrale, <strong>gigante mundial do setor de de laranja<\/strong>, apresentou ao governador Eduardo Riedel a primeira fase da sua produ\u00e7\u00e3o em Sidrol\u00e2ndia, que j\u00e1 est\u00e1 em pleno vapor.<\/p>\n<p style=\"text-align: justify;\">O projeto prev\u00ea plantio de quase 5 mil hectares (laranja).<\/p>\n<p style=\"text-align: justify;\">O encontro ocorreu na Fazenda Aracoara, situada entre Sidrol\u00e2ndia e Campo Grande (BR-060).<\/p>\n<p style=\"text-align: justify;\">\u00a0Ao todo ser\u00e3o investidos R$ 500 milh\u00f5es pelo grupo empresarial.<\/p>\n<p style=\"text-align: justify;\"><span style=\"font-size: 14pt;\"><em>\u201cEstamos aqui na fazenda da Cutrale onde est\u00e3o sendo plantadas os pomares de laranja, que v\u00e3o chegar a quase 5 mil hectares. Um projeto audacioso, que alavanca uma nova atividade aqui no Mato Grosso do Sul. Na sequ\u00eancia disto certamente vamos avan\u00e7ar para industrializa\u00e7\u00e3o no setor\u201d,<\/em> <\/span>afirmou o governador.<\/p>\n<p style=\"text-align: justify;\">O Grupo (Cutrale) estava produzindo de forma experimental h\u00e1 cinco anos em uma \u00e1rea de 120 hectares.<\/p>\n<p style=\"text-align: justify;\">Neste momento j\u00e1 foi executado 25% do projeto, gerando atualmente 200 empregos.<\/p>\n<p style=\"text-align: justify;\">Quando iniciar a nova fase vai chegar a 570 (empregos).<\/p>\n<p style=\"text-align: justify;\">Al\u00e9m do Grupo Cutrale, outros produtores de laranja j\u00e1 anunciaram novos investimentos no Mato Grosso do Sul, entre eles o Agro Terena em <strong>Bataguassu<\/strong>, que vai plantar em 1,2 mil hectares, assim como o Grupo Junqueira Rodas, que come\u00e7ou em abril o projeto de citricultura em <strong>Parana\u00edba,<\/strong> com a inten\u00e7\u00e3o de plantar em 1.500 hectares.<\/p>\n<p style=\"text-align: justify;\">Na semana passada foi a vez do Grupo Moreira Sales anunciar investimento de R$ 1,2 bilh\u00e3o no Estado, iniciando o plantio de laranja ainda este ano na \u00e1rea que fica em <strong>Ribas do Rio Pardo.<\/strong><\/p>\n<p style=\"text-align: justify;\">Mato Grosso do Sul se tornou o novo \u201ccintur\u00e3o citr\u00edcola\u201d do Brasil devido ao bom ambiente de neg\u00f3cios, condi\u00e7\u00f5es fitossanit\u00e1rias adequadas e uma legisla\u00e7\u00e3o r\u00edgida de controle de doen\u00e7as.<\/p>\n<p style=\"text-align: justify;\">Continue em nossa companhia. Veja mais not\u00edcias em: <a href=\"http:\/\/www.mspontocom.com.br\">www.mspontocom.com.br<\/a><\/p>\n<p style=\"text-align: justify;\">Instagram \u00a0e X:\u00a0 @mspontocom<\/p>\n<p style=\"text-align: justify;\"><em>fonte: Leonardo Rocha, Comunica\u00e7\u00e3o\u00a0<\/em><br \/>\n<em>Foto: \u00c1lvaro Rezende<\/em><\/p>\n","protected":false},"excerpt":{"rendered":"<p>Com foco na gera\u00e7\u00e3o de empregos e no desenvolvimento regional,\u00a0 a citricultura est\u00e1 em expans\u00e3o no Mato Grosso do Sul. O Grupo Cutrale, gigante mundial do setor de de laranja, apresentou ao governador Eduardo Riedel a primeira fase da sua produ\u00e7\u00e3o em Sidrol\u00e2ndia, que j\u00e1 est\u00e1 em pleno vapor. O projeto prev\u00ea plantio de quase [&hellip;]<\/p>\n","protected":false},"author":2,"featured_media":195325,"comment_status":"open","ping_status":"open","sticky":false,"template":"","format":"standard","meta":{"_monsterinsights_skip_tracking":false,"_monsterinsights_sitenote_active":false,"_monsterinsights_sitenote_note":"","_monsterinsights_sitenote_category":0},"categories":[74],"tags":[31541,42168,31538,3316,13394],"aioseo_notices":[],"_links":{"self":[{"href":"https:\/\/mspontocom.com.br\/site\/wp-json\/wp\/v2\/posts\/195310"}],"collection":[{"href":"https:\/\/mspontocom.com.br\/site\/wp-json\/wp\/v2\/posts"}],"about":[{"href":"https:\/\/mspontocom.com.br\/site\/wp-json\/wp\/v2\/types\/post"}],"author":[{"embeddable":true,"href":"https:\/\/mspontocom.com.br\/site\/wp-json\/wp\/v2\/users\/2"}],"replies":[{"embeddable":true,"href":"https:\/\/mspontocom.com.br\/site\/wp-json\/wp\/v2\/comments?post=195310"}],"version-history":[{"count":2,"href":"https:\/\/mspontocom.com.br\/site\/wp-json\/wp\/v2\/posts\/195310\/revisions"}],"predecessor-version":[{"id":195326,"href":"https:\/\/mspontocom.com.br\/site\/wp-json\/wp\/v2\/posts\/195310\/revisions\/195326"}],"wp:featuredmedia":[{"embeddable":true,"href":"https:\/\/mspontocom.com.br\/site\/wp-json\/wp\/v2\/media\/195325"}],"wp:attachment":[{"href":"https:\/\/mspontocom.com.br\/site\/wp-json\/wp\/v2\/media?parent=195310"}],"wp:term":[{"taxonomy":"category","embeddable":true,"href":"https:\/\/mspontocom.com.br\/site\/wp-json\/wp\/v2\/categories?post=195310"},{"taxonomy":"post_tag","embeddable":true,"href":"https:\/\/mspontocom.com.br\/site\/wp-json\/wp\/v2\/tags?post=195310"}],"curies":[{"name":"wp","href":"https:\/\/api.w.org\/{rel}","templated":true}]}}