{"id":195346,"date":"2024-11-13T08:14:45","date_gmt":"2024-11-13T12:14:45","guid":{"rendered":"https:\/\/mspontocom.com.br\/site\/?p=195346"},"modified":"2024-11-13T08:14:45","modified_gmt":"2024-11-13T12:14:45","slug":"pesquisa-cnt-mda-despenca-a-aprovacao-do-governo-lula","status":"publish","type":"post","link":"https:\/\/mspontocom.com.br\/site\/pesquisa-cnt-mda-despenca-a-aprovacao-do-governo-lula\/","title":{"rendered":"Pesquisa CNT\/MDA: Despenca a aprova\u00e7\u00e3o do governo Lula"},"content":{"rendered":"<p style=\"text-align: justify;\"><img loading=\"lazy\" class=\"alignnone size-full wp-image-195359\" src=\"https:\/\/mspontocom.com.br\/site\/wp-content\/uploads\/2024\/11\/site-cntmda-avaliacao-positiva-do-governo-lula-cai-7-pontos-desde-janeiro-lula-01.jpg\" alt=\"\" width=\"984\" height=\"586\" srcset=\"https:\/\/mspontocom.com.br\/site\/wp-content\/uploads\/2024\/11\/site-cntmda-avaliacao-positiva-do-governo-lula-cai-7-pontos-desde-janeiro-lula-01.jpg 984w, https:\/\/mspontocom.com.br\/site\/wp-content\/uploads\/2024\/11\/site-cntmda-avaliacao-positiva-do-governo-lula-cai-7-pontos-desde-janeiro-lula-01-260x155.jpg 260w, https:\/\/mspontocom.com.br\/site\/wp-content\/uploads\/2024\/11\/site-cntmda-avaliacao-positiva-do-governo-lula-cai-7-pontos-desde-janeiro-lula-01-768x457.jpg 768w\" sizes=\"(max-width: 984px) 100vw, 984px\" \/>A avalia\u00e7\u00e3o positiva dos brasileiros sobre o governo do presidente\u00a0<strong>Luiz In\u00e1cio Lula da Silva (PT)<\/strong>, recuou 7 pontos percentuais desde janeiro de 2024, segundo dados divulgados em pesquisa MDA encomendada\u00a0 pela Confedera\u00e7\u00e3o Nacional do Transporte.<\/p>\n<p style=\"text-align: justify;\">De acordo com o levantamento, o percentual dos brasileiros que considera o atual governo bom ou \u00f3timo \u00e9 de 35,5%.<\/p>\n<p style=\"text-align: justify;\">Em janeiro, era de 42,7% (o que representa uma queda de 7,2 pontos percentuais neste ano).<\/p>\n<p style=\"text-align: justify;\">Segundo o levantamento da CNT\/MDA, o \u00edndice de<strong> aprova\u00e7\u00e3o do terceiro governo de Lula \u00e9 o mais baixo desde a posse do petista,<\/strong> em janeiro de 2023.<\/p>\n<p style=\"text-align: justify;\">Ainda de acordo com a pesquisa, a <strong>avalia\u00e7\u00e3o negativa do administra\u00e7\u00e3o federal atingiu sua maior marca desde o in\u00edcio do governo<\/strong>: 30,8% dos entrevistados avaliam a gest\u00e3o com ruim ou p\u00e9ssima.<\/p>\n<p style=\"text-align: justify;\">Continue em nossa companhia. Veja mais not\u00edcias em: <a href=\"http:\/\/www.mspontocom.com.br\">www.mspontocom.com.br<\/a><\/p>\n<p style=\"text-align: justify;\">Instagram \u00a0e X:\u00a0 @mspontocom<\/p>\n","protected":false},"excerpt":{"rendered":"<p>A avalia\u00e7\u00e3o positiva dos brasileiros sobre o governo do presidente\u00a0Luiz In\u00e1cio Lula da Silva (PT), recuou 7 pontos percentuais desde janeiro de 2024, segundo dados divulgados em pesquisa MDA encomendada\u00a0 pela Confedera\u00e7\u00e3o Nacional do Transporte. De acordo com o levantamento, o percentual dos brasileiros que considera o atual governo bom ou \u00f3timo \u00e9 de 35,5%. [&hellip;]<\/p>\n","protected":false},"author":2,"featured_media":195359,"comment_status":"open","ping_status":"open","sticky":false,"template":"","format":"standard","meta":{"_monsterinsights_skip_tracking":false,"_monsterinsights_sitenote_active":false,"_monsterinsights_sitenote_note":"","_monsterinsights_sitenote_category":0},"categories":[6,30260,30259,12],"tags":[24761,23790,21711,42177],"aioseo_notices":[],"_links":{"self":[{"href":"https:\/\/mspontocom.com.br\/site\/wp-json\/wp\/v2\/posts\/195346"}],"collection":[{"href":"https:\/\/mspontocom.com.br\/site\/wp-json\/wp\/v2\/posts"}],"about":[{"href":"https:\/\/mspontocom.com.br\/site\/wp-json\/wp\/v2\/types\/post"}],"author":[{"embeddable":true,"href":"https:\/\/mspontocom.com.br\/site\/wp-json\/wp\/v2\/users\/2"}],"replies":[{"embeddable":true,"href":"https:\/\/mspontocom.com.br\/site\/wp-json\/wp\/v2\/comments?post=195346"}],"version-history":[{"count":2,"href":"https:\/\/mspontocom.com.br\/site\/wp-json\/wp\/v2\/posts\/195346\/revisions"}],"predecessor-version":[{"id":195360,"href":"https:\/\/mspontocom.com.br\/site\/wp-json\/wp\/v2\/posts\/195346\/revisions\/195360"}],"wp:featuredmedia":[{"embeddable":true,"href":"https:\/\/mspontocom.com.br\/site\/wp-json\/wp\/v2\/media\/195359"}],"wp:attachment":[{"href":"https:\/\/mspontocom.com.br\/site\/wp-json\/wp\/v2\/media?parent=195346"}],"wp:term":[{"taxonomy":"category","embeddable":true,"href":"https:\/\/mspontocom.com.br\/site\/wp-json\/wp\/v2\/categories?post=195346"},{"taxonomy":"post_tag","embeddable":true,"href":"https:\/\/mspontocom.com.br\/site\/wp-json\/wp\/v2\/tags?post=195346"}],"curies":[{"name":"wp","href":"https:\/\/api.w.org\/{rel}","templated":true}]}}