{"id":195350,"date":"2024-11-13T05:10:35","date_gmt":"2024-11-13T09:10:35","guid":{"rendered":"https:\/\/mspontocom.com.br\/site\/?p=195350"},"modified":"2024-11-13T08:07:09","modified_gmt":"2024-11-13T12:07:09","slug":"na-cop29-mato-grosso-do-sul-debate-medidas-do-mercado-de-carbono","status":"publish","type":"post","link":"https:\/\/mspontocom.com.br\/site\/na-cop29-mato-grosso-do-sul-debate-medidas-do-mercado-de-carbono\/","title":{"rendered":"Na COP29, Mato Grosso do Sul debate medidas do mercado de carbono"},"content":{"rendered":"<p style=\"text-align: justify;\"><img loading=\"lazy\" class=\"alignnone size-full wp-image-195357\" src=\"https:\/\/mspontocom.com.br\/site\/wp-content\/uploads\/2024\/11\/site-na-cop29-delegacao-de-ms-debate-medidas-de-mitigacao-da-seca-no-pantanal-e-mercado-de-carbono-cop29.jpeg\" alt=\"\" width=\"730\" height=\"480\" srcset=\"https:\/\/mspontocom.com.br\/site\/wp-content\/uploads\/2024\/11\/site-na-cop29-delegacao-de-ms-debate-medidas-de-mitigacao-da-seca-no-pantanal-e-mercado-de-carbono-cop29.jpeg 730w, https:\/\/mspontocom.com.br\/site\/wp-content\/uploads\/2024\/11\/site-na-cop29-delegacao-de-ms-debate-medidas-de-mitigacao-da-seca-no-pantanal-e-mercado-de-carbono-cop29-260x171.jpeg 260w\" sizes=\"(max-width: 730px) 100vw, 730px\" \/>A 29\u00aa Confer\u00eancia das Partes da Conven\u00e7\u00e3o-Quadro das Na\u00e7\u00f5es Unidas sobre Mudan\u00e7as do Clima (COP29) come\u00e7ou segunda-feira (11) na cidade de Baku, no Azerbaij\u00e3o.<\/p>\n<p style=\"text-align: justify;\">Mato Grosso do Sul participa da Confer\u00eancia com uma delega\u00e7\u00e3o chefiada pelo secret\u00e1rio executivo de Meio Ambiente da Semadesc (Secretaria de Meio Ambiente, Desenvolvimento, Ci\u00eancia, Tecnologia e Inova\u00e7\u00e3o), Artur Falcette.<\/p>\n<p style=\"text-align: justify;\">Mato Grosso do Sul defende interesses diversificados na COP29, focados na governan\u00e7a multin\u00edvel que envolve iniciativas sob coordena\u00e7\u00e3o do Estado com participa\u00e7\u00e3o dos munic\u00edpios e da iniciativa privada, ponderou o secret\u00e1rio.<\/p>\n<p style=\"text-align: justify;\">Mato Grosso do Sul tem metas ousadas e a\u00e7\u00f5es efetivas de combate \u00e0s mudan\u00e7as clim\u00e1ticas que superam os esfor\u00e7os e objetivos nacionais nesse sentido.<\/p>\n<p style=\"text-align: justify;\">O Programa Estadual de Mudan\u00e7as Clim\u00e1ticas (ProClima) estabelece <strong>transformar Mato Grosso do Sul em Estado Carbono Neutro at\u00e9 2030<\/strong>, equilibrando as emiss\u00f5es de gases do efeito estufa (GEEs) com medidas de compensa\u00e7\u00e3o e mitiga\u00e7\u00e3o.<\/p>\n<p style=\"text-align: justify;\">Essas medidas envolvem a\u00e7\u00f5es em todas as atividades econ\u00f4micas por meio do manejo adequado e conserva\u00e7\u00e3o do solo e da \u00e1gua, agricultura e pecu\u00e1ria de baixo carbono, matriz energ\u00e9tica limpa e renov\u00e1vel, combate ao desmatamento e rigoroso controle ambiental de preserva\u00e7\u00e3o e conserva\u00e7\u00e3o dos recursos naturais.<\/p>\n<p style=\"text-align: justify;\">A delega\u00e7\u00e3o de Mato Grosso do Sul na COP29 \u00e9 composta, ainda, pelo diretor executivo do Instituto Taquari Vivo, Renato Roscoe, representando a sociedade civil organizada; o analista de sustentabilidade do Sebrae, Vitor Farias, pela iniciativa privada, e o assessor da Semadesc Dener Melotto.<\/p>\n<p style=\"text-align: justify;\">Eles permanecem at\u00e9 s\u00e1bado no Azerbaij\u00e3o, quando se encerra a Confer\u00eancia.<\/p>\n<p style=\"text-align: justify;\">No pr\u00f3ximo ano, em novembro, a COP30 ser\u00e1 realizada em Bel\u00e9m, no Par\u00e1.<\/p>\n<p style=\"text-align: justify;\"><em>fonte:Jo\u00e3o Prestes, Comunica\u00e7\u00e3o\u00a0<\/em><br \/>\n<em>Foto: Divulga\u00e7\u00e3o<\/em><\/p>\n<p style=\"text-align: justify;\">Continue em nossa companhia. Veja mais not\u00edcias em: <a href=\"http:\/\/www.mspontocom.com.br\">www.mspontocom.com.br<\/a><\/p>\n<p style=\"text-align: justify;\">Instagram \u00a0e X:\u00a0 @mspontocom<\/p>\n","protected":false},"excerpt":{"rendered":"<p>A 29\u00aa Confer\u00eancia das Partes da Conven\u00e7\u00e3o-Quadro das Na\u00e7\u00f5es Unidas sobre Mudan\u00e7as do Clima (COP29) come\u00e7ou segunda-feira (11) na cidade de Baku, no Azerbaij\u00e3o. Mato Grosso do Sul participa da Confer\u00eancia com uma delega\u00e7\u00e3o chefiada pelo secret\u00e1rio executivo de Meio Ambiente da Semadesc (Secretaria de Meio Ambiente, Desenvolvimento, Ci\u00eancia, Tecnologia e Inova\u00e7\u00e3o), Artur Falcette. Mato [&hellip;]<\/p>\n","protected":false},"author":2,"featured_media":195357,"comment_status":"open","ping_status":"open","sticky":false,"template":"","format":"standard","meta":{"_monsterinsights_skip_tracking":false,"_monsterinsights_sitenote_active":false,"_monsterinsights_sitenote_note":"","_monsterinsights_sitenote_category":0},"categories":[74],"tags":[25919,42176,3316,934],"aioseo_notices":[],"_links":{"self":[{"href":"https:\/\/mspontocom.com.br\/site\/wp-json\/wp\/v2\/posts\/195350"}],"collection":[{"href":"https:\/\/mspontocom.com.br\/site\/wp-json\/wp\/v2\/posts"}],"about":[{"href":"https:\/\/mspontocom.com.br\/site\/wp-json\/wp\/v2\/types\/post"}],"author":[{"embeddable":true,"href":"https:\/\/mspontocom.com.br\/site\/wp-json\/wp\/v2\/users\/2"}],"replies":[{"embeddable":true,"href":"https:\/\/mspontocom.com.br\/site\/wp-json\/wp\/v2\/comments?post=195350"}],"version-history":[{"count":2,"href":"https:\/\/mspontocom.com.br\/site\/wp-json\/wp\/v2\/posts\/195350\/revisions"}],"predecessor-version":[{"id":195358,"href":"https:\/\/mspontocom.com.br\/site\/wp-json\/wp\/v2\/posts\/195350\/revisions\/195358"}],"wp:featuredmedia":[{"embeddable":true,"href":"https:\/\/mspontocom.com.br\/site\/wp-json\/wp\/v2\/media\/195357"}],"wp:attachment":[{"href":"https:\/\/mspontocom.com.br\/site\/wp-json\/wp\/v2\/media?parent=195350"}],"wp:term":[{"taxonomy":"category","embeddable":true,"href":"https:\/\/mspontocom.com.br\/site\/wp-json\/wp\/v2\/categories?post=195350"},{"taxonomy":"post_tag","embeddable":true,"href":"https:\/\/mspontocom.com.br\/site\/wp-json\/wp\/v2\/tags?post=195350"}],"curies":[{"name":"wp","href":"https:\/\/api.w.org\/{rel}","templated":true}]}}