{"id":195364,"date":"2024-11-14T05:38:24","date_gmt":"2024-11-14T09:38:24","guid":{"rendered":"https:\/\/mspontocom.com.br\/site\/?p=195364"},"modified":"2024-11-14T05:38:24","modified_gmt":"2024-11-14T09:38:24","slug":"abatido-nas-urnas-pt-apresenta-novo-pl-da-mordaca","status":"publish","type":"post","link":"https:\/\/mspontocom.com.br\/site\/abatido-nas-urnas-pt-apresenta-novo-pl-da-mordaca\/","title":{"rendered":"Abatido nas urnas, PT apresenta novo \u2018PL da Morda\u00e7a\u2019"},"content":{"rendered":"<p style=\"text-align: justify;\"><img loading=\"lazy\" class=\"alignnone size-full wp-image-195375\" src=\"https:\/\/mspontocom.com.br\/site\/wp-content\/uploads\/2024\/11\/site-abatido-nas-urnas-pt-apresenta-novo-pl-da-mordaca-gleisi-hoffmann-pt-696x408-1.jpeg\" alt=\"\" width=\"696\" height=\"408\" srcset=\"https:\/\/mspontocom.com.br\/site\/wp-content\/uploads\/2024\/11\/site-abatido-nas-urnas-pt-apresenta-novo-pl-da-mordaca-gleisi-hoffmann-pt-696x408-1.jpeg 696w, https:\/\/mspontocom.com.br\/site\/wp-content\/uploads\/2024\/11\/site-abatido-nas-urnas-pt-apresenta-novo-pl-da-mordaca-gleisi-hoffmann-pt-696x408-1-260x152.jpeg 260w\" sizes=\"(max-width: 696px) 100vw, 696px\" \/>Depois de uma derrota expressiva nas elei\u00e7\u00f5es municipais, em contraste com o vis\u00edvel crescimento da direita no Brasil, o\u00a0<strong>Partido dos Trabalhadores (PT)\u00a0<\/strong>retoma o tema da regulamenta\u00e7\u00e3o das redes sociais.<\/p>\n<p style=\"text-align: justify;\">A legenda apresentou nesta semana, na C\u00e2mara dos Deputados, uma nova vers\u00e3o do\u00a0<strong>\u201cPL da Morda\u00e7a\u201d<\/strong>, que tenta introduzir mecanismos de controle e censura sobre as informa\u00e7\u00f5es nas plataformas digitais.<\/p>\n<h2 class=\"wp-block-heading\" style=\"text-align: justify;\"><strong>Projeto criaria ag\u00eancia reguladora<\/strong><\/h2>\n<p style=\"text-align: justify;\">O novo projeto\u00a0 prop\u00f5e regulamentar o conte\u00fado com foco no \u201ccombate \u00e0 desinforma\u00e7\u00e3o\u201d.<\/p>\n<p style=\"text-align: justify;\">Para isso, haveria a cria\u00e7\u00e3o de uma ag\u00eancia reguladora respons\u00e1vel por fiscalizar a aplica\u00e7\u00e3o das novas regras.<\/p>\n<p style=\"text-align: justify;\">As empresas que n\u00e3o cumprissem as determina\u00e7\u00f5es estariam sujeitas a multas e at\u00e9 \u00e0 suspens\u00e3o tempor\u00e1ria, como ocorreu nos \u00faltimos meses com a rede social Twitter\/X.<\/p>\n<h2 class=\"wp-block-heading\" style=\"text-align: justify;\"><strong>PT usa argumento subjetivo<\/strong><\/h2>\n<p style=\"text-align: justify;\">O PT argumenta que a medida \u00e9 essencial para \u201cproteger a democracia e evitar que campanhas de desinforma\u00e7\u00e3o comprometam o debate p\u00fablico\u201d.<\/p>\n<p style=\"text-align: justify;\">Contudo, a vis\u00e3o do PT confronta com a opini\u00e3o de especialistas que criticam a proposta.<\/p>\n<p style=\"text-align: justify;\">Para eles, a iniciativa apenas resultaria em controle excessivo das redes sociais, criando riscos iminentes para o livre exerc\u00edcio da express\u00e3o.<\/p>\n<p>O plano de ressuscitar o \u201cPL da Morda\u00e7a\u201d atende a uma determina\u00e7\u00e3o da presidente do PT, deputada federal <strong>Gleisi Hoffman.<\/strong><\/p>\n<figure class=\"wp-block-embed is-type-video is-provider-youtube wp-block-embed-youtube wp-embed-aspect-16-9 wp-has-aspect-ratio\" style=\"text-align: justify;\">\n<div class=\"wp-block-embed__wrapper\"><\/div>\n<\/figure>\n<p style=\"text-align: justify;\">Continue em nossa companhia. Veja mais not\u00edcias em: <a href=\"http:\/\/www.mspontocom.com.br\">www.mspontocom.com.br<\/a><\/p>\n<p style=\"text-align: justify;\">Instagram \u00a0e X:\u00a0 @mspontocom<\/p>\n","protected":false},"excerpt":{"rendered":"<p>Depois de uma derrota expressiva nas elei\u00e7\u00f5es municipais, em contraste com o vis\u00edvel crescimento da direita no Brasil, o\u00a0Partido dos Trabalhadores (PT)\u00a0retoma o tema da regulamenta\u00e7\u00e3o das redes sociais. A legenda apresentou nesta semana, na C\u00e2mara dos Deputados, uma nova vers\u00e3o do\u00a0\u201cPL da Morda\u00e7a\u201d, que tenta introduzir mecanismos de controle e censura sobre as informa\u00e7\u00f5es [&hellip;]<\/p>\n","protected":false},"author":2,"featured_media":195375,"comment_status":"open","ping_status":"open","sticky":false,"template":"","format":"standard","meta":{"_monsterinsights_skip_tracking":false,"_monsterinsights_sitenote_active":false,"_monsterinsights_sitenote_note":"","_monsterinsights_sitenote_category":0},"categories":[6,30260,30259,12],"tags":[42181,42182,533,27777],"aioseo_notices":[],"_links":{"self":[{"href":"https:\/\/mspontocom.com.br\/site\/wp-json\/wp\/v2\/posts\/195364"}],"collection":[{"href":"https:\/\/mspontocom.com.br\/site\/wp-json\/wp\/v2\/posts"}],"about":[{"href":"https:\/\/mspontocom.com.br\/site\/wp-json\/wp\/v2\/types\/post"}],"author":[{"embeddable":true,"href":"https:\/\/mspontocom.com.br\/site\/wp-json\/wp\/v2\/users\/2"}],"replies":[{"embeddable":true,"href":"https:\/\/mspontocom.com.br\/site\/wp-json\/wp\/v2\/comments?post=195364"}],"version-history":[{"count":2,"href":"https:\/\/mspontocom.com.br\/site\/wp-json\/wp\/v2\/posts\/195364\/revisions"}],"predecessor-version":[{"id":195376,"href":"https:\/\/mspontocom.com.br\/site\/wp-json\/wp\/v2\/posts\/195364\/revisions\/195376"}],"wp:featuredmedia":[{"embeddable":true,"href":"https:\/\/mspontocom.com.br\/site\/wp-json\/wp\/v2\/media\/195375"}],"wp:attachment":[{"href":"https:\/\/mspontocom.com.br\/site\/wp-json\/wp\/v2\/media?parent=195364"}],"wp:term":[{"taxonomy":"category","embeddable":true,"href":"https:\/\/mspontocom.com.br\/site\/wp-json\/wp\/v2\/categories?post=195364"},{"taxonomy":"post_tag","embeddable":true,"href":"https:\/\/mspontocom.com.br\/site\/wp-json\/wp\/v2\/tags?post=195364"}],"curies":[{"name":"wp","href":"https:\/\/api.w.org\/{rel}","templated":true}]}}