{"id":195397,"date":"2024-11-15T08:15:49","date_gmt":"2024-11-15T12:15:49","guid":{"rendered":"https:\/\/mspontocom.com.br\/site\/?p=195397"},"modified":"2024-11-15T08:15:49","modified_gmt":"2024-11-15T12:15:49","slug":"suspeicao-de-moro-foi-so-para-soltar-lula-collor-esta-condenado","status":"publish","type":"post","link":"https:\/\/mspontocom.com.br\/site\/suspeicao-de-moro-foi-so-para-soltar-lula-collor-esta-condenado\/","title":{"rendered":"&#8220;Suspei\u00e7\u00e3o&#8221; de Moro foi s\u00f3 para soltar Lula. Collor est\u00e1 condenado"},"content":{"rendered":"<p><img loading=\"lazy\" class=\"alignnone size-full wp-image-195406\" src=\"https:\/\/mspontocom.com.br\/site\/wp-content\/uploads\/2024\/11\/site-suspeicao-de-moro-foi-so-para-soltar-lula-collor-esta-condenado-moro-stf.jpg\" alt=\"\" width=\"960\" height=\"640\" srcset=\"https:\/\/mspontocom.com.br\/site\/wp-content\/uploads\/2024\/11\/site-suspeicao-de-moro-foi-so-para-soltar-lula-collor-esta-condenado-moro-stf.jpg 960w, https:\/\/mspontocom.com.br\/site\/wp-content\/uploads\/2024\/11\/site-suspeicao-de-moro-foi-so-para-soltar-lula-collor-esta-condenado-moro-stf-260x173.jpg 260w, https:\/\/mspontocom.com.br\/site\/wp-content\/uploads\/2024\/11\/site-suspeicao-de-moro-foi-so-para-soltar-lula-collor-esta-condenado-moro-stf-768x512.jpg 768w\" sizes=\"(max-width: 960px) 100vw, 960px\" \/>O STF usou a <strong>&#8220;suspei\u00e7\u00e3o&#8221;<\/strong> do ex-juiz e agora senador<strong> Sergio Moro<\/strong> apena para apenas descondenar<strong> Lula.<\/strong><\/p>\n<p style=\"text-align: justify;\">Agora, o STF rejeitou o recurso do ex-presidente Fernando Collor\u00a0e manteve a pena de 8 anos e 6 meses de pris\u00e3o decorrente de uma condena\u00e7\u00e3o na\u00a0<a href=\"https:\/\/www.estadao.com.br\/tudo-sobre\/operacao-lava-jato\/\"><strong>Opera\u00e7\u00e3o Lava Jato<\/strong><\/a>.<\/p>\n<p style=\"text-align: justify;\">Ao analisar o recurso de Collor, o plen\u00e1rio do STF se dividiu em dois grupos.<\/p>\n<p style=\"text-align: justify;\">Os ministros derrotados defenderam deveria prevalecer a pena mais ben\u00e9fica ao ex-presidente.<\/p>\n<p style=\"text-align: justify;\">J\u00e1 a maioria foi a favor de somar os votos de todos os ministros que propuseram penas iguais ou superiores a 8 anos e 6 meses de pris\u00e3o.<\/p>\n<p style=\"text-align: justify;\">A Procuradoria-Geral da Rep\u00fablica (PGR) denunciou\u00a0<a href=\"https:\/\/www.estadao.com.br\/politica\/blog-do-fausto-macedo\/pgr-condenacao-collor-propinas-br-distribuidora\/\">Collor por usar a influ\u00eancia pol\u00edtica para nomear aliados a diretorias estrat\u00e9gicas da BR<\/a>\u00a0entre 2010 e 2014, quando era senador.<\/p>\n<p style=\"text-align: justify;\">Continue em nossa companhia. Veja mais not\u00edcias em: <a href=\"http:\/\/www.mspontocom.com.br\">www.mspontocom.com.br<\/a><\/p>\n<p style=\"text-align: justify;\">Instagram \u00a0e X:\u00a0 @mspontocom<\/p>\n","protected":false},"excerpt":{"rendered":"<p>O STF usou a &#8220;suspei\u00e7\u00e3o&#8221; do ex-juiz e agora senador Sergio Moro apena para apenas descondenar Lula. Agora, o STF rejeitou o recurso do ex-presidente Fernando Collor\u00a0e manteve a pena de 8 anos e 6 meses de pris\u00e3o decorrente de uma condena\u00e7\u00e3o na\u00a0Opera\u00e7\u00e3o Lava Jato. Ao analisar o recurso de Collor, o plen\u00e1rio do STF [&hellip;]<\/p>\n","protected":false},"author":2,"featured_media":195406,"comment_status":"open","ping_status":"open","sticky":false,"template":"","format":"standard","meta":{"_monsterinsights_skip_tracking":false,"_monsterinsights_sitenote_active":false,"_monsterinsights_sitenote_note":"","_monsterinsights_sitenote_category":0},"categories":[6,30260,2528,30259,12],"tags":[5440,2333,21419,480,23158,25057,3014,29650],"aioseo_notices":[],"_links":{"self":[{"href":"https:\/\/mspontocom.com.br\/site\/wp-json\/wp\/v2\/posts\/195397"}],"collection":[{"href":"https:\/\/mspontocom.com.br\/site\/wp-json\/wp\/v2\/posts"}],"about":[{"href":"https:\/\/mspontocom.com.br\/site\/wp-json\/wp\/v2\/types\/post"}],"author":[{"embeddable":true,"href":"https:\/\/mspontocom.com.br\/site\/wp-json\/wp\/v2\/users\/2"}],"replies":[{"embeddable":true,"href":"https:\/\/mspontocom.com.br\/site\/wp-json\/wp\/v2\/comments?post=195397"}],"version-history":[{"count":2,"href":"https:\/\/mspontocom.com.br\/site\/wp-json\/wp\/v2\/posts\/195397\/revisions"}],"predecessor-version":[{"id":195407,"href":"https:\/\/mspontocom.com.br\/site\/wp-json\/wp\/v2\/posts\/195397\/revisions\/195407"}],"wp:featuredmedia":[{"embeddable":true,"href":"https:\/\/mspontocom.com.br\/site\/wp-json\/wp\/v2\/media\/195406"}],"wp:attachment":[{"href":"https:\/\/mspontocom.com.br\/site\/wp-json\/wp\/v2\/media?parent=195397"}],"wp:term":[{"taxonomy":"category","embeddable":true,"href":"https:\/\/mspontocom.com.br\/site\/wp-json\/wp\/v2\/categories?post=195397"},{"taxonomy":"post_tag","embeddable":true,"href":"https:\/\/mspontocom.com.br\/site\/wp-json\/wp\/v2\/tags?post=195397"}],"curies":[{"name":"wp","href":"https:\/\/api.w.org\/{rel}","templated":true}]}}