{"id":195415,"date":"2024-11-16T06:29:28","date_gmt":"2024-11-16T10:29:28","guid":{"rendered":"https:\/\/mspontocom.com.br\/site\/?p=195415"},"modified":"2024-11-16T06:29:28","modified_gmt":"2024-11-16T10:29:28","slug":"lewandowski-sabe-nada-de-seguranca-diz-especialista","status":"publish","type":"post","link":"https:\/\/mspontocom.com.br\/site\/lewandowski-sabe-nada-de-seguranca-diz-especialista\/","title":{"rendered":"Lewandowski sabe nada de seguran\u00e7a, diz especialista"},"content":{"rendered":"<p style=\"text-align: justify;\"><img loading=\"lazy\" class=\"alignnone size-full wp-image-195425\" src=\"https:\/\/mspontocom.com.br\/site\/wp-content\/uploads\/2024\/11\/site-lewandowski-sabe-nada-de-seguranca-diz-especialista-fazo-l.jpg\" alt=\"\" width=\"720\" height=\"659\" srcset=\"https:\/\/mspontocom.com.br\/site\/wp-content\/uploads\/2024\/11\/site-lewandowski-sabe-nada-de-seguranca-diz-especialista-fazo-l.jpg 720w, https:\/\/mspontocom.com.br\/site\/wp-content\/uploads\/2024\/11\/site-lewandowski-sabe-nada-de-seguranca-diz-especialista-fazo-l-260x238.jpg 260w\" sizes=\"(max-width: 720px) 100vw, 720px\" \/>Para o deputado Capit\u00e3o Alden (PL-BA), no governo Lula (PT) \u201cmuito se fala sobre seguran\u00e7a p\u00fablica, mas pouco se escuta\u201d.<\/p>\n<p style=\"text-align: justify;\">Em entrevista ao podcast Di\u00e1rio do Poder, o parlamentar cravou: o ministro Ricardo Lewandowski (Justi\u00e7a) \u201cn\u00e3o entende nada de seguran\u00e7a\u201d.<\/p>\n<div id=\"Nota-7\" class=\"entry-block ch-nota Nota-7\" style=\"text-align: justify;\">\n<h3>Pol\u00edcia de artif\u00edcio<\/h3>\n<\/div>\n<p style=\"text-align: justify;\">Alden, que foi policial militar por mais de 20 anos, critica a \u201cpirotecnia\u201d em torno da \u201cPol\u00edcia Ostensiva Federal (POF)\u201d, inventada por Lewandowski.<\/p>\n<div id=\"Nota-8\" class=\"entry-block ch-nota Nota-8\" style=\"text-align: justify;\">\n<h3>N\u00e3o \u00e9 bem assim<\/h3>\n<\/div>\n<p style=\"text-align: justify;\">\u201cLewandowski disse que se a POF estivesse funcionando, o 8 \/jan n\u00e3o teria ocorrido. Isso \u00e9 fala de algu\u00e9m que sequer leu o projeto\u201d criticou.<\/p>\n<div id=\"Nota-9\" class=\"entry-block ch-nota Nota-9\" style=\"text-align: justify;\">\n<h3>PEC n\u00e3o prev\u00ea<\/h3>\n<\/div>\n<p style=\"text-align: justify;\">Alden lembra que a PEC (da Seguran\u00e7a), que tramita no Congresso, n\u00e3o prev\u00ea atua\u00e7\u00e3o da POF na prote\u00e7\u00e3o de pr\u00e9dios p\u00fablicos.<\/p>\n<p style=\"text-align: justify;\">fonte: Coluna Claudio Humberto, Di\u00e1rio do Poder<\/p>\n<p style=\"text-align: justify;\">Continue em nossa companhia. Veja mais not\u00edcias em: <a href=\"http:\/\/www.mspontocom.com.br\">www.mspontocom.com.br<\/a><\/p>\n<p style=\"text-align: justify;\">Instagram \u00a0e X:\u00a0 @mspontocom<\/p>\n","protected":false},"excerpt":{"rendered":"<p>Para o deputado Capit\u00e3o Alden (PL-BA), no governo Lula (PT) \u201cmuito se fala sobre seguran\u00e7a p\u00fablica, mas pouco se escuta\u201d. Em entrevista ao podcast Di\u00e1rio do Poder, o parlamentar cravou: o ministro Ricardo Lewandowski (Justi\u00e7a) \u201cn\u00e3o entende nada de seguran\u00e7a\u201d. Pol\u00edcia de artif\u00edcio Alden, que foi policial militar por mais de 20 anos, critica a [&hellip;]<\/p>\n","protected":false},"author":2,"featured_media":195425,"comment_status":"open","ping_status":"open","sticky":false,"template":"","format":"standard","meta":{"_monsterinsights_skip_tracking":false,"_monsterinsights_sitenote_active":false,"_monsterinsights_sitenote_note":"","_monsterinsights_sitenote_category":0},"categories":[6,30260,2528,30259,12],"tags":[1430,26364,41211,42194,1375],"aioseo_notices":[],"_links":{"self":[{"href":"https:\/\/mspontocom.com.br\/site\/wp-json\/wp\/v2\/posts\/195415"}],"collection":[{"href":"https:\/\/mspontocom.com.br\/site\/wp-json\/wp\/v2\/posts"}],"about":[{"href":"https:\/\/mspontocom.com.br\/site\/wp-json\/wp\/v2\/types\/post"}],"author":[{"embeddable":true,"href":"https:\/\/mspontocom.com.br\/site\/wp-json\/wp\/v2\/users\/2"}],"replies":[{"embeddable":true,"href":"https:\/\/mspontocom.com.br\/site\/wp-json\/wp\/v2\/comments?post=195415"}],"version-history":[{"count":2,"href":"https:\/\/mspontocom.com.br\/site\/wp-json\/wp\/v2\/posts\/195415\/revisions"}],"predecessor-version":[{"id":195426,"href":"https:\/\/mspontocom.com.br\/site\/wp-json\/wp\/v2\/posts\/195415\/revisions\/195426"}],"wp:featuredmedia":[{"embeddable":true,"href":"https:\/\/mspontocom.com.br\/site\/wp-json\/wp\/v2\/media\/195425"}],"wp:attachment":[{"href":"https:\/\/mspontocom.com.br\/site\/wp-json\/wp\/v2\/media?parent=195415"}],"wp:term":[{"taxonomy":"category","embeddable":true,"href":"https:\/\/mspontocom.com.br\/site\/wp-json\/wp\/v2\/categories?post=195415"},{"taxonomy":"post_tag","embeddable":true,"href":"https:\/\/mspontocom.com.br\/site\/wp-json\/wp\/v2\/tags?post=195415"}],"curies":[{"name":"wp","href":"https:\/\/api.w.org\/{rel}","templated":true}]}}