{"id":195417,"date":"2024-11-16T06:20:34","date_gmt":"2024-11-16T10:20:34","guid":{"rendered":"https:\/\/mspontocom.com.br\/site\/?p=195417"},"modified":"2024-11-16T06:20:34","modified_gmt":"2024-11-16T10:20:34","slug":"na-cop-29-brasil-defende-energia-limpa-mas-lula-taxa-painel-solar-em-160","status":"publish","type":"post","link":"https:\/\/mspontocom.com.br\/site\/na-cop-29-brasil-defende-energia-limpa-mas-lula-taxa-painel-solar-em-160\/","title":{"rendered":"Na COP 29, Brasil defende energia limpa mas Lula taxa painel solar em 160%"},"content":{"rendered":"<p><img loading=\"lazy\" class=\"alignnone size-full wp-image-195422\" src=\"https:\/\/mspontocom.com.br\/site\/wp-content\/uploads\/2024\/11\/site-na-cop-29-brasil-defende-energia-limpa-mas-lula-taxa-painel-solar-em-160-sol-e1731752307429.webp\" alt=\"\" width=\"1227\" height=\"511\" srcset=\"https:\/\/mspontocom.com.br\/site\/wp-content\/uploads\/2024\/11\/site-na-cop-29-brasil-defende-energia-limpa-mas-lula-taxa-painel-solar-em-160-sol-e1731752307429.webp 1227w, https:\/\/mspontocom.com.br\/site\/wp-content\/uploads\/2024\/11\/site-na-cop-29-brasil-defende-energia-limpa-mas-lula-taxa-painel-solar-em-160-sol-e1731752307429-260x108.webp 260w, https:\/\/mspontocom.com.br\/site\/wp-content\/uploads\/2024\/11\/site-na-cop-29-brasil-defende-energia-limpa-mas-lula-taxa-painel-solar-em-160-sol-e1731752307429-1024x426.webp 1024w, https:\/\/mspontocom.com.br\/site\/wp-content\/uploads\/2024\/11\/site-na-cop-29-brasil-defende-energia-limpa-mas-lula-taxa-painel-solar-em-160-sol-e1731752307429-768x320.webp 768w\" sizes=\"(max-width: 1227px) 100vw, 1227px\" \/>A COP 29 tenta reafirmar o compromisso do Brasil em ser um l\u00edder global na luta contra as mudan\u00e7as clim\u00e1ticas.<\/p>\n<p>Mas no momento em que o mundo intensifica a transi\u00e7\u00e3o para uma matriz energ\u00e9tica mais sustent\u00e1vel, o Brasil surpreende ao anunciar um<strong> aumento de 160% na tarifa de importa\u00e7\u00e3o sobre pain\u00e9is solares.\u00a0<\/strong><\/p>\n<p>Essa decis\u00e3o ocorre em um momento contradit\u00f3rio para o pa\u00eds, que preside o G20.<\/p>\n<p>Enquanto discursa sobre sustentabilidade em f\u00f3runs como a COP29, o governo parece adotar uma postura interna que dificulta a expans\u00e3o da energia solar,<strong> o que pode prejudicar a imagem do pa\u00eds nos debates sobre sustentabilidade.\u00a0<\/strong><\/p>\n<p>O aumento da <strong>taxa do Sol<\/strong> gera preocupa\u00e7\u00f5es para o setor de energia solar, amea\u00e7ando investimentos, competitividade e, possivelmente, at\u00e9 a viabilidade de alguns projetos.<\/p>\n<p>Continue em nossa companhia. Veja mais not\u00edcias em: <a href=\"http:\/\/www.mspontocom.com.br\">www.mspontocom.com.br<\/a><\/p>\n<p>Instagram \u00a0e X:\u00a0 @mspontocom<\/p>\n","protected":false},"excerpt":{"rendered":"<p>A COP 29 tenta reafirmar o compromisso do Brasil em ser um l\u00edder global na luta contra as mudan\u00e7as clim\u00e1ticas. Mas no momento em que o mundo intensifica a transi\u00e7\u00e3o para uma matriz energ\u00e9tica mais sustent\u00e1vel, o Brasil surpreende ao anunciar um aumento de 160% na tarifa de importa\u00e7\u00e3o sobre pain\u00e9is solares.\u00a0 Essa decis\u00e3o ocorre [&hellip;]<\/p>\n","protected":false},"author":2,"featured_media":195422,"comment_status":"open","ping_status":"open","sticky":false,"template":"","format":"standard","meta":{"_monsterinsights_skip_tracking":false,"_monsterinsights_sitenote_active":false,"_monsterinsights_sitenote_note":"","_monsterinsights_sitenote_category":0},"categories":[6,30260,15,30259,12],"tags":[42192,30254,42176,5380,480,42191,3609,42193],"aioseo_notices":[],"_links":{"self":[{"href":"https:\/\/mspontocom.com.br\/site\/wp-json\/wp\/v2\/posts\/195417"}],"collection":[{"href":"https:\/\/mspontocom.com.br\/site\/wp-json\/wp\/v2\/posts"}],"about":[{"href":"https:\/\/mspontocom.com.br\/site\/wp-json\/wp\/v2\/types\/post"}],"author":[{"embeddable":true,"href":"https:\/\/mspontocom.com.br\/site\/wp-json\/wp\/v2\/users\/2"}],"replies":[{"embeddable":true,"href":"https:\/\/mspontocom.com.br\/site\/wp-json\/wp\/v2\/comments?post=195417"}],"version-history":[{"count":2,"href":"https:\/\/mspontocom.com.br\/site\/wp-json\/wp\/v2\/posts\/195417\/revisions"}],"predecessor-version":[{"id":195423,"href":"https:\/\/mspontocom.com.br\/site\/wp-json\/wp\/v2\/posts\/195417\/revisions\/195423"}],"wp:featuredmedia":[{"embeddable":true,"href":"https:\/\/mspontocom.com.br\/site\/wp-json\/wp\/v2\/media\/195422"}],"wp:attachment":[{"href":"https:\/\/mspontocom.com.br\/site\/wp-json\/wp\/v2\/media?parent=195417"}],"wp:term":[{"taxonomy":"category","embeddable":true,"href":"https:\/\/mspontocom.com.br\/site\/wp-json\/wp\/v2\/categories?post=195417"},{"taxonomy":"post_tag","embeddable":true,"href":"https:\/\/mspontocom.com.br\/site\/wp-json\/wp\/v2\/tags?post=195417"}],"curies":[{"name":"wp","href":"https:\/\/api.w.org\/{rel}","templated":true}]}}