{"id":195419,"date":"2024-11-16T06:10:47","date_gmt":"2024-11-16T10:10:47","guid":{"rendered":"https:\/\/mspontocom.com.br\/site\/?p=195419"},"modified":"2024-11-16T06:10:47","modified_gmt":"2024-11-16T10:10:47","slug":"malafaia-detona-moraes-ditador-de-toga-usa-soltador-de-fogos-como-cortina-de-fumaca","status":"publish","type":"post","link":"https:\/\/mspontocom.com.br\/site\/malafaia-detona-moraes-ditador-de-toga-usa-soltador-de-fogos-como-cortina-de-fumaca\/","title":{"rendered":"Malafaia detona Moraes: \u2018Ditador de Toga\u2019 usa soltador de fogos como cortina de fuma\u00e7a"},"content":{"rendered":"<p style=\"text-align: justify;\"><img loading=\"lazy\" class=\"alignnone size-full wp-image-195420\" src=\"https:\/\/mspontocom.com.br\/site\/wp-content\/uploads\/2024\/11\/site-malafaia-detona-moraes-ditador-de-toga-usa-soltador-de-fogos-como-cortina-de-fumaca-ale-imperador.jpg\" alt=\"\" width=\"845\" height=\"500\" srcset=\"https:\/\/mspontocom.com.br\/site\/wp-content\/uploads\/2024\/11\/site-malafaia-detona-moraes-ditador-de-toga-usa-soltador-de-fogos-como-cortina-de-fumaca-ale-imperador.jpg 845w, https:\/\/mspontocom.com.br\/site\/wp-content\/uploads\/2024\/11\/site-malafaia-detona-moraes-ditador-de-toga-usa-soltador-de-fogos-como-cortina-de-fumaca-ale-imperador-260x154.jpg 260w, https:\/\/mspontocom.com.br\/site\/wp-content\/uploads\/2024\/11\/site-malafaia-detona-moraes-ditador-de-toga-usa-soltador-de-fogos-como-cortina-de-fumaca-ale-imperador-768x454.jpg 768w\" sizes=\"(max-width: 845px) 100vw, 845px\" \/>O pastor <strong>Silas Malafaia<\/strong> divulgou um v\u00eddeo criticando o ministro <a class=\"st_tag internal_tag \" title=\"Veja mais postagens sobre  Alexandre de Moraes\" href=\"https:\/\/www.folhadestra.com\/tag\/alexandre-de-moraes\/\" rel=\"tag\">Alexandre de Moraes<\/a>, do STF, em rela\u00e7\u00e3o \u00e0 forma como o magistrado abordou o suic\u00eddio com <strong>fogos de artif\u00edcio<\/strong> de Francisco Wanderley Luiz, que se explodiu em frente ao STF na noite de quarta-feira<\/p>\n<p style=\"text-align: justify;\">Malafaia acusou Moraes de usar o caso para desviar a aten\u00e7\u00e3o de suas pr\u00f3prias a\u00e7\u00f5es, que, segundo o pastor, s\u00e3o \u201cilegais e injustas\u201d.<\/p>\n<p style=\"text-align: justify;\"><span style=\"font-size: 14pt;\"><em>\u201cEu n\u00e3o vou deixar passar o ditador da toga Alexandre de Moraes com uma narrativa para jogar uma cortina de fuma\u00e7a nos seus atos ilegais,\u00a0 sobre a quest\u00e3o do homem com problemas mentais que explodiu bombas em Bras\u00edlia\u201d<\/em><\/span>, afirmou Malafaia.<\/p>\n<h4 id=\"h-contesta-o-s-falas-de-moraes\" class=\"wp-block-heading\" style=\"text-align: justify;\">Contesta\u00e7\u00e3o \u00e0s Falas de Moraes<\/h4>\n<p style=\"text-align: justify;\">Alexandre de Moraes declarou que o suic\u00eddio n\u00e3o era um evento isolado, mas um reflexo do \u201c\u00f3dio pol\u00edtico\u201d que se espalhou pelo pa\u00eds nos \u00faltimos anos.<\/p>\n<p style=\"text-align: justify;\">Malafaia discordou dessa vis\u00e3o e apontou:<\/p>\n<p style=\"text-align: justify;\"><em><span style=\"font-size: 14pt;\"> \u201cSe o senhor tem direito de mostrar e de falar isso, eu tenho direito de dizer isso aqui: n\u00e3o \u00e9 seu discurso de \u00f3dio, (mas) suas atitudes de \u00f3dio, de persegui\u00e7\u00e3o pol\u00edtica, v\u00e3o gerar mais agressividade\u201d.<\/span><\/em><\/p>\n<p style=\"text-align: justify;\">Continue em nossa companhia. Veja mais not\u00edcias em: <a href=\"http:\/\/www.mspontocom.com.br\">www.mspontocom.com.br<\/a><\/p>\n<p style=\"text-align: justify;\">Instagram \u00a0e X:\u00a0 @mspontocom<\/p>\n","protected":false},"excerpt":{"rendered":"<p>O pastor Silas Malafaia divulgou um v\u00eddeo criticando o ministro Alexandre de Moraes, do STF, em rela\u00e7\u00e3o \u00e0 forma como o magistrado abordou o suic\u00eddio com fogos de artif\u00edcio de Francisco Wanderley Luiz, que se explodiu em frente ao STF na noite de quarta-feira Malafaia acusou Moraes de usar o caso para desviar a aten\u00e7\u00e3o [&hellip;]<\/p>\n","protected":false},"author":2,"featured_media":195420,"comment_status":"open","ping_status":"open","sticky":false,"template":"","format":"standard","meta":{"_monsterinsights_skip_tracking":false,"_monsterinsights_sitenote_active":false,"_monsterinsights_sitenote_note":"","_monsterinsights_sitenote_category":0},"categories":[6,30260,30259,12],"tags":[30609,7076,42189,42190,36924,35247],"aioseo_notices":[],"_links":{"self":[{"href":"https:\/\/mspontocom.com.br\/site\/wp-json\/wp\/v2\/posts\/195419"}],"collection":[{"href":"https:\/\/mspontocom.com.br\/site\/wp-json\/wp\/v2\/posts"}],"about":[{"href":"https:\/\/mspontocom.com.br\/site\/wp-json\/wp\/v2\/types\/post"}],"author":[{"embeddable":true,"href":"https:\/\/mspontocom.com.br\/site\/wp-json\/wp\/v2\/users\/2"}],"replies":[{"embeddable":true,"href":"https:\/\/mspontocom.com.br\/site\/wp-json\/wp\/v2\/comments?post=195419"}],"version-history":[{"count":1,"href":"https:\/\/mspontocom.com.br\/site\/wp-json\/wp\/v2\/posts\/195419\/revisions"}],"predecessor-version":[{"id":195421,"href":"https:\/\/mspontocom.com.br\/site\/wp-json\/wp\/v2\/posts\/195419\/revisions\/195421"}],"wp:featuredmedia":[{"embeddable":true,"href":"https:\/\/mspontocom.com.br\/site\/wp-json\/wp\/v2\/media\/195420"}],"wp:attachment":[{"href":"https:\/\/mspontocom.com.br\/site\/wp-json\/wp\/v2\/media?parent=195419"}],"wp:term":[{"taxonomy":"category","embeddable":true,"href":"https:\/\/mspontocom.com.br\/site\/wp-json\/wp\/v2\/categories?post=195419"},{"taxonomy":"post_tag","embeddable":true,"href":"https:\/\/mspontocom.com.br\/site\/wp-json\/wp\/v2\/tags?post=195419"}],"curies":[{"name":"wp","href":"https:\/\/api.w.org\/{rel}","templated":true}]}}