{"id":195434,"date":"2024-11-17T08:00:17","date_gmt":"2024-11-17T12:00:17","guid":{"rendered":"https:\/\/mspontocom.com.br\/site\/?p=195434"},"modified":"2024-11-17T08:00:17","modified_gmt":"2024-11-17T12:00:17","slug":"baixaria-de-janja-com-musk-detona-relacao-brasil-eua","status":"publish","type":"post","link":"https:\/\/mspontocom.com.br\/site\/baixaria-de-janja-com-musk-detona-relacao-brasil-eua\/","title":{"rendered":"Baixaria de Janja com Musk detona rela\u00e7\u00e3o Brasil-EUA"},"content":{"rendered":"<p style=\"text-align: justify;\"><img loading=\"lazy\" class=\"alignnone size-full wp-image-195435\" src=\"https:\/\/mspontocom.com.br\/site\/wp-content\/uploads\/2024\/11\/site-baixaria-de-janja-com-elon-musk-acaba-janja-.png\" alt=\"\" width=\"900\" height=\"506\" srcset=\"https:\/\/mspontocom.com.br\/site\/wp-content\/uploads\/2024\/11\/site-baixaria-de-janja-com-elon-musk-acaba-janja-.png 900w, https:\/\/mspontocom.com.br\/site\/wp-content\/uploads\/2024\/11\/site-baixaria-de-janja-com-elon-musk-acaba-janja--260x146.png 260w, https:\/\/mspontocom.com.br\/site\/wp-content\/uploads\/2024\/11\/site-baixaria-de-janja-com-elon-musk-acaba-janja--768x432.png 768w\" sizes=\"(max-width: 900px) 100vw, 900px\" \/>A baixaria de<strong> Janja<\/strong> sobre <strong>Elon Musk<\/strong> irritou diplomatas de alto escal\u00e3o da chancelaria brasileira e coloca em risco a tentativa do Pal\u00e1cio do Planalto e do Itamaraty de n\u00e3o abrir uma frente de tens\u00e3o com o novo governo americano.<\/p>\n<p style=\"text-align: justify;\">Desde a vit\u00f3ria de <strong>Donald Trump<\/strong>, o governo<strong> Lula<\/strong> insistiu que iria manter uma posi\u00e7\u00e3o pragm\u00e1tica.<\/p>\n<p style=\"text-align: justify;\">A declara\u00e7\u00e3o de Janja foi considerada por diplomatas como um &#8220;tiro no p\u00e9&#8221; e o &#8220;desmonte&#8221; dos esfor\u00e7os dos diplomatas em estabelecer um di\u00e1logo com o governo americano.<\/p>\n<p>Continue em nossa companhia. Veja mais not\u00edcias em: <a href=\"http:\/\/www.mspontocom.com.br\">www.mspontocom.com.br<\/a><\/p>\n<p>Instagram \u00a0e X:\u00a0 @mspontocom<\/p>\n","protected":false},"excerpt":{"rendered":"<p>A baixaria de Janja sobre Elon Musk irritou diplomatas de alto escal\u00e3o da chancelaria brasileira e coloca em risco a tentativa do Pal\u00e1cio do Planalto e do Itamaraty de n\u00e3o abrir uma frente de tens\u00e3o com o novo governo americano. Desde a vit\u00f3ria de Donald Trump, o governo Lula insistiu que iria manter uma posi\u00e7\u00e3o [&hellip;]<\/p>\n","protected":false},"author":2,"featured_media":195435,"comment_status":"open","ping_status":"open","sticky":false,"template":"","format":"standard","meta":{"_monsterinsights_skip_tracking":false,"_monsterinsights_sitenote_active":false,"_monsterinsights_sitenote_note":"","_monsterinsights_sitenote_category":0},"categories":[6,30260,30259,12],"tags":[],"aioseo_notices":[],"_links":{"self":[{"href":"https:\/\/mspontocom.com.br\/site\/wp-json\/wp\/v2\/posts\/195434"}],"collection":[{"href":"https:\/\/mspontocom.com.br\/site\/wp-json\/wp\/v2\/posts"}],"about":[{"href":"https:\/\/mspontocom.com.br\/site\/wp-json\/wp\/v2\/types\/post"}],"author":[{"embeddable":true,"href":"https:\/\/mspontocom.com.br\/site\/wp-json\/wp\/v2\/users\/2"}],"replies":[{"embeddable":true,"href":"https:\/\/mspontocom.com.br\/site\/wp-json\/wp\/v2\/comments?post=195434"}],"version-history":[{"count":1,"href":"https:\/\/mspontocom.com.br\/site\/wp-json\/wp\/v2\/posts\/195434\/revisions"}],"predecessor-version":[{"id":195436,"href":"https:\/\/mspontocom.com.br\/site\/wp-json\/wp\/v2\/posts\/195434\/revisions\/195436"}],"wp:featuredmedia":[{"embeddable":true,"href":"https:\/\/mspontocom.com.br\/site\/wp-json\/wp\/v2\/media\/195435"}],"wp:attachment":[{"href":"https:\/\/mspontocom.com.br\/site\/wp-json\/wp\/v2\/media?parent=195434"}],"wp:term":[{"taxonomy":"category","embeddable":true,"href":"https:\/\/mspontocom.com.br\/site\/wp-json\/wp\/v2\/categories?post=195434"},{"taxonomy":"post_tag","embeddable":true,"href":"https:\/\/mspontocom.com.br\/site\/wp-json\/wp\/v2\/tags?post=195434"}],"curies":[{"name":"wp","href":"https:\/\/api.w.org\/{rel}","templated":true}]}}