{"id":195451,"date":"2024-11-18T05:58:16","date_gmt":"2024-11-18T09:58:16","guid":{"rendered":"https:\/\/mspontocom.com.br\/site\/?p=195451"},"modified":"2024-11-18T05:58:16","modified_gmt":"2024-11-18T09:58:16","slug":"janja-elogia-moraes-no-g20-tem-sido-um-grande-parceiro","status":"publish","type":"post","link":"https:\/\/mspontocom.com.br\/site\/janja-elogia-moraes-no-g20-tem-sido-um-grande-parceiro\/","title":{"rendered":"Janja elogia Moraes no G20: \u2018tem sido um grande parceiro\u2019"},"content":{"rendered":"<p style=\"text-align: justify;\"><img loading=\"lazy\" class=\"alignnone size-full wp-image-195452\" src=\"https:\/\/mspontocom.com.br\/site\/wp-content\/uploads\/2024\/11\/site-janja-elogia-moraes-no-g20-tem-sido-um-grande-parceiro-janja-moraes-e1731923773662.jpg\" alt=\"\" width=\"978\" height=\"643\" srcset=\"https:\/\/mspontocom.com.br\/site\/wp-content\/uploads\/2024\/11\/site-janja-elogia-moraes-no-g20-tem-sido-um-grande-parceiro-janja-moraes-e1731923773662.jpg 978w, https:\/\/mspontocom.com.br\/site\/wp-content\/uploads\/2024\/11\/site-janja-elogia-moraes-no-g20-tem-sido-um-grande-parceiro-janja-moraes-e1731923773662-260x171.jpg 260w, https:\/\/mspontocom.com.br\/site\/wp-content\/uploads\/2024\/11\/site-janja-elogia-moraes-no-g20-tem-sido-um-grande-parceiro-janja-moraes-e1731923773662-768x505.jpg 768w\" sizes=\"(max-width: 978px) 100vw, 978px\" \/>Durante o evento paralelo ao G20, denominado Cria G20, a <strong>primeira-dama da baixaria\u00a0<\/strong> do Brasil, Ros\u00e2ngela da Silva, conhecida como <strong>Janja<\/strong>, fez um elogio marcante ao ministro <strong>Alexandre de Moraes<\/strong>, do STF, referindo-se a ele como um \u201cgrande parceiro&#8221;<\/p>\n<p style=\"text-align: justify;\">A declara\u00e7\u00e3o foi dada no s\u00e1bado, 16, em um painel sobre desinforma\u00e7\u00e3o.<\/p>\n<h4 id=\"h-contexto-da-declara-o\" class=\"wp-block-heading\" style=\"text-align: justify;\">Contexto da Declara\u00e7\u00e3o<\/h4>\n<p style=\"text-align: justify;\">Janja mencionou o ato de suic\u00eddio cometido por Francisco Wanderley Luiz, o Tiu Fran\u00e7a, em frente ao STF, destacando os desafios enfrentados por Moraes.<\/p>\n<p style=\"text-align: justify;\"><span style=\"font-size: 14pt;\"><em>\u201cA gente convidou o ministro Alexandre de Moraes, <strong>que tem sido um grande parceiro<\/strong> nessa quest\u00e3o das fake news. O \u2018best\u00e3o\u2019 l\u00e1 acabou se matando com fogos de artif\u00edcio, mas, enfim\u2026 \u00e9 incr\u00edvel. A gente ri, mas \u00e9 s\u00e9rio\u201d<\/em><\/span>, disse ela, com um tom que mesclou ironia e seriedade.<\/p>\n<p style=\"text-align: justify;\">Continue em nossa companhia. Veja mais not\u00edcias em: <a href=\"http:\/\/www.mspontocom.com.br\">www.mspontocom.com.br<\/a><\/p>\n<p style=\"text-align: justify;\">Instagram \u00a0e X:\u00a0 @mspontocom<\/p>\n","protected":false},"excerpt":{"rendered":"<p>Durante o evento paralelo ao G20, denominado Cria G20, a primeira-dama da baixaria\u00a0 do Brasil, Ros\u00e2ngela da Silva, conhecida como Janja, fez um elogio marcante ao ministro Alexandre de Moraes, do STF, referindo-se a ele como um \u201cgrande parceiro&#8221; A declara\u00e7\u00e3o foi dada no s\u00e1bado, 16, em um painel sobre desinforma\u00e7\u00e3o. Contexto da Declara\u00e7\u00e3o Janja [&hellip;]<\/p>\n","protected":false},"author":2,"featured_media":195452,"comment_status":"open","ping_status":"open","sticky":false,"template":"","format":"standard","meta":{"_monsterinsights_skip_tracking":false,"_monsterinsights_sitenote_active":false,"_monsterinsights_sitenote_note":"","_monsterinsights_sitenote_category":0},"categories":[6,30260,30259,12],"tags":[615,42200,37932,35247],"aioseo_notices":[],"_links":{"self":[{"href":"https:\/\/mspontocom.com.br\/site\/wp-json\/wp\/v2\/posts\/195451"}],"collection":[{"href":"https:\/\/mspontocom.com.br\/site\/wp-json\/wp\/v2\/posts"}],"about":[{"href":"https:\/\/mspontocom.com.br\/site\/wp-json\/wp\/v2\/types\/post"}],"author":[{"embeddable":true,"href":"https:\/\/mspontocom.com.br\/site\/wp-json\/wp\/v2\/users\/2"}],"replies":[{"embeddable":true,"href":"https:\/\/mspontocom.com.br\/site\/wp-json\/wp\/v2\/comments?post=195451"}],"version-history":[{"count":1,"href":"https:\/\/mspontocom.com.br\/site\/wp-json\/wp\/v2\/posts\/195451\/revisions"}],"predecessor-version":[{"id":195453,"href":"https:\/\/mspontocom.com.br\/site\/wp-json\/wp\/v2\/posts\/195451\/revisions\/195453"}],"wp:featuredmedia":[{"embeddable":true,"href":"https:\/\/mspontocom.com.br\/site\/wp-json\/wp\/v2\/media\/195452"}],"wp:attachment":[{"href":"https:\/\/mspontocom.com.br\/site\/wp-json\/wp\/v2\/media?parent=195451"}],"wp:term":[{"taxonomy":"category","embeddable":true,"href":"https:\/\/mspontocom.com.br\/site\/wp-json\/wp\/v2\/categories?post=195451"},{"taxonomy":"post_tag","embeddable":true,"href":"https:\/\/mspontocom.com.br\/site\/wp-json\/wp\/v2\/tags?post=195451"}],"curies":[{"name":"wp","href":"https:\/\/api.w.org\/{rel}","templated":true}]}}