{"id":195454,"date":"2024-11-18T06:17:16","date_gmt":"2024-11-18T10:17:16","guid":{"rendered":"https:\/\/mspontocom.com.br\/site\/?p=195454"},"modified":"2024-11-18T06:17:16","modified_gmt":"2024-11-18T10:17:16","slug":"fogos-de-artifico-impulsionam-stf-a-censurar-redes-sociais","status":"publish","type":"post","link":"https:\/\/mspontocom.com.br\/site\/fogos-de-artifico-impulsionam-stf-a-censurar-redes-sociais\/","title":{"rendered":"Fogos de artif\u00edco impulsionam STF a censurar redes sociais"},"content":{"rendered":"<p style=\"text-align: justify;\"><img loading=\"lazy\" class=\"alignnone size-full wp-image-195455\" src=\"https:\/\/mspontocom.com.br\/site\/wp-content\/uploads\/2024\/11\/site-fogos-de-artifico-impulsionam-stf-a-censurar-redes-sociais-fogos.jpg\" alt=\"\" width=\"630\" height=\"378\" srcset=\"https:\/\/mspontocom.com.br\/site\/wp-content\/uploads\/2024\/11\/site-fogos-de-artifico-impulsionam-stf-a-censurar-redes-sociais-fogos.jpg 630w, https:\/\/mspontocom.com.br\/site\/wp-content\/uploads\/2024\/11\/site-fogos-de-artifico-impulsionam-stf-a-censurar-redes-sociais-fogos-260x156.jpg 260w\" sizes=\"(max-width: 630px) 100vw, 630px\" \/>Quando a &#8220;bomba&#8221; <strong>(fogos de artif\u00edco)<\/strong> de Francisco Wanderley Luiz explodiu em frente ao STF na semana passada, a Corte j\u00e1 havia agendado para o pr\u00f3ximo dia 27 o julgamento que pode resultar na<strong> regula\u00e7\u00e3o de redes sociais e plataformas de internet. <\/strong><\/p>\n<p style=\"text-align: justify;\">Ap\u00f3s a piroctenia, o STF\u00a0 passou a considerar ainda mais urgente impor limites \u00e0 atua\u00e7\u00e3o das redes sociais no pa\u00eds.<\/p>\n<p style=\"text-align: justify;\">Segundo ministros , as explos\u00f5es enfatizaram a import\u00e2ncia de regulamentar redes sociais, mas n\u00e3o mudam a tend\u00eancia j\u00e1 delineada para o julgamento:<strong> colocar um freio na atua\u00e7\u00e3o das plataformas.<\/strong><\/p>\n<p style=\"text-align: justify;\">Com a justificativa de<strong> &#8220;assegurar a liberdade de express\u00e3o e impedir a censura&#8221;,<\/strong> \u00a0o julgamento est\u00e1 sendo tratado como o grande tema da atualidade.<\/p>\n<p style=\"text-align: justify;\">A situa\u00e7\u00e3o se agravou no primeiro semestre, quando o bilion\u00e1rio<strong> Elon Musk<\/strong> passou a usar o X, de sua propriedade, para ironizar o ministro do STF <strong>Alexandre de Moraes<\/strong>.<\/p>\n<p style=\"text-align: justify;\">A disputa entre os dois resultou na retirada da rede social do ar.<\/p>\n<p style=\"text-align: justify;\">Continue em nossa companhia. Veja mais not\u00edcias em: <a href=\"http:\/\/www.mspontocom.com.br\">www.mspontocom.com.br<\/a><\/p>\n<p style=\"text-align: justify;\">Instagram \u00a0e X:\u00a0 @mspontocom<\/p>\n","protected":false},"excerpt":{"rendered":"<p>Quando a &#8220;bomba&#8221; (fogos de artif\u00edco) de Francisco Wanderley Luiz explodiu em frente ao STF na semana passada, a Corte j\u00e1 havia agendado para o pr\u00f3ximo dia 27 o julgamento que pode resultar na regula\u00e7\u00e3o de redes sociais e plataformas de internet. Ap\u00f3s a piroctenia, o STF\u00a0 passou a considerar ainda mais urgente impor limites [&hellip;]<\/p>\n","protected":false},"author":2,"featured_media":195455,"comment_status":"open","ping_status":"open","sticky":false,"template":"","format":"standard","meta":{"_monsterinsights_skip_tracking":false,"_monsterinsights_sitenote_active":false,"_monsterinsights_sitenote_note":"","_monsterinsights_sitenote_category":0},"categories":[6,30260,2528,30259,12],"tags":[42202,42201,2443,3014],"aioseo_notices":[],"_links":{"self":[{"href":"https:\/\/mspontocom.com.br\/site\/wp-json\/wp\/v2\/posts\/195454"}],"collection":[{"href":"https:\/\/mspontocom.com.br\/site\/wp-json\/wp\/v2\/posts"}],"about":[{"href":"https:\/\/mspontocom.com.br\/site\/wp-json\/wp\/v2\/types\/post"}],"author":[{"embeddable":true,"href":"https:\/\/mspontocom.com.br\/site\/wp-json\/wp\/v2\/users\/2"}],"replies":[{"embeddable":true,"href":"https:\/\/mspontocom.com.br\/site\/wp-json\/wp\/v2\/comments?post=195454"}],"version-history":[{"count":1,"href":"https:\/\/mspontocom.com.br\/site\/wp-json\/wp\/v2\/posts\/195454\/revisions"}],"predecessor-version":[{"id":195456,"href":"https:\/\/mspontocom.com.br\/site\/wp-json\/wp\/v2\/posts\/195454\/revisions\/195456"}],"wp:featuredmedia":[{"embeddable":true,"href":"https:\/\/mspontocom.com.br\/site\/wp-json\/wp\/v2\/media\/195455"}],"wp:attachment":[{"href":"https:\/\/mspontocom.com.br\/site\/wp-json\/wp\/v2\/media?parent=195454"}],"wp:term":[{"taxonomy":"category","embeddable":true,"href":"https:\/\/mspontocom.com.br\/site\/wp-json\/wp\/v2\/categories?post=195454"},{"taxonomy":"post_tag","embeddable":true,"href":"https:\/\/mspontocom.com.br\/site\/wp-json\/wp\/v2\/tags?post=195454"}],"curies":[{"name":"wp","href":"https:\/\/api.w.org\/{rel}","templated":true}]}}