{"id":195457,"date":"2024-11-18T07:54:40","date_gmt":"2024-11-18T11:54:40","guid":{"rendered":"https:\/\/mspontocom.com.br\/site\/?p=195457"},"modified":"2024-11-18T07:54:40","modified_gmt":"2024-11-18T11:54:40","slug":"janja-envergonha-o-povo-brasileiro-afirma-oposicao","status":"publish","type":"post","link":"https:\/\/mspontocom.com.br\/site\/janja-envergonha-o-povo-brasileiro-afirma-oposicao\/","title":{"rendered":"Janja envergonha o povo brasileiro, afirma oposi\u00e7\u00e3o"},"content":{"rendered":"<p style=\"text-align: justify;\"><img loading=\"lazy\" class=\"alignnone size-full wp-image-195465\" src=\"https:\/\/mspontocom.com.br\/site\/wp-content\/uploads\/2024\/11\/site-janja-envergonha-o-povo-brasileiro-afirma-oposicao-carnaval-meme-janja-e1731930732893.jpg\" alt=\"\" width=\"1039\" height=\"769\" srcset=\"https:\/\/mspontocom.com.br\/site\/wp-content\/uploads\/2024\/11\/site-janja-envergonha-o-povo-brasileiro-afirma-oposicao-carnaval-meme-janja-e1731930732893.jpg 1039w, https:\/\/mspontocom.com.br\/site\/wp-content\/uploads\/2024\/11\/site-janja-envergonha-o-povo-brasileiro-afirma-oposicao-carnaval-meme-janja-e1731930732893-260x192.jpg 260w, https:\/\/mspontocom.com.br\/site\/wp-content\/uploads\/2024\/11\/site-janja-envergonha-o-povo-brasileiro-afirma-oposicao-carnaval-meme-janja-e1731930732893-1024x758.jpg 1024w, https:\/\/mspontocom.com.br\/site\/wp-content\/uploads\/2024\/11\/site-janja-envergonha-o-povo-brasileiro-afirma-oposicao-carnaval-meme-janja-e1731930732893-768x568.jpg 768w\" sizes=\"(max-width: 1039px) 100vw, 1039px\" \/>Deputados federais de oposi\u00e7\u00e3o ao governo <strong>Lula<\/strong> (PT), criticaram e reprovaram a atitude da<strong> primeira-dama-baixaria<\/strong> <strong>Janja<\/strong>, que xingou o empres\u00e1rio e dono da rede social X, antigo Twitter, <strong>Elon Musk.<\/strong><\/p>\n<p style=\"text-align: justify;\">O deputado Rodrigo Valadares (Uni\u00e3o-SE) criticou a falta de compostura\u00a0de Janja.<\/p>\n<p style=\"text-align: justify;\"><span style=\"font-size: 14pt;\">\u201cA primeira-dama mostrou, mais uma vez, que n\u00e3o compreende a responsabilidade do papel que ocupa. Suas palavras n\u00e3o apenas envergonham os brasileiros, mas tamb\u00e9m colocam em risco rela\u00e7\u00f5es estrat\u00e9gicas com os EUA, especialmente em um momento em que Elon Musk pode desempenhar um papel central no governo Trump\u201d<\/span><em>,<\/em>\u00a0criticou.<\/p>\n<p style=\"text-align: justify;\"><strong>VEJA MAIS MANIFESTA\u00c7\u00d5ES<\/strong><\/p>\n<p style=\"text-align: justify;\"><img loading=\"lazy\" class=\"alignnone size-full wp-image-195460\" src=\"https:\/\/mspontocom.com.br\/site\/wp-content\/uploads\/2024\/11\/site-janja-envergonha-os-brasileiros-diz-oposicao-nikolas-janja-16nov2024.png\" alt=\"\" width=\"1260\" height=\"346\" srcset=\"https:\/\/mspontocom.com.br\/site\/wp-content\/uploads\/2024\/11\/site-janja-envergonha-os-brasileiros-diz-oposicao-nikolas-janja-16nov2024.png 1260w, https:\/\/mspontocom.com.br\/site\/wp-content\/uploads\/2024\/11\/site-janja-envergonha-os-brasileiros-diz-oposicao-nikolas-janja-16nov2024-260x71.png 260w, https:\/\/mspontocom.com.br\/site\/wp-content\/uploads\/2024\/11\/site-janja-envergonha-os-brasileiros-diz-oposicao-nikolas-janja-16nov2024-1024x281.png 1024w, https:\/\/mspontocom.com.br\/site\/wp-content\/uploads\/2024\/11\/site-janja-envergonha-os-brasileiros-diz-oposicao-nikolas-janja-16nov2024-768x211.png 768w\" sizes=\"(max-width: 1260px) 100vw, 1260px\" \/><\/p>\n<div id=\"ddp-ads-AD-51\" data-google-query-id=\"CMbQyNLU5YkDFdhQuAQdYLEKtA\"><img loading=\"lazy\" class=\"alignnone size-full wp-image-195458\" src=\"https:\/\/mspontocom.com.br\/site\/wp-content\/uploads\/2024\/11\/site-flavio-janja-16nov2024.png\" alt=\"\" width=\"1266\" height=\"844\" srcset=\"https:\/\/mspontocom.com.br\/site\/wp-content\/uploads\/2024\/11\/site-flavio-janja-16nov2024.png 1266w, https:\/\/mspontocom.com.br\/site\/wp-content\/uploads\/2024\/11\/site-flavio-janja-16nov2024-260x173.png 260w, https:\/\/mspontocom.com.br\/site\/wp-content\/uploads\/2024\/11\/site-flavio-janja-16nov2024-1024x683.png 1024w, https:\/\/mspontocom.com.br\/site\/wp-content\/uploads\/2024\/11\/site-flavio-janja-16nov2024-768x512.png 768w\" sizes=\"(max-width: 1266px) 100vw, 1266px\" \/><\/div>\n","protected":false},"excerpt":{"rendered":"<p>Deputados federais de oposi\u00e7\u00e3o ao governo Lula (PT), criticaram e reprovaram a atitude da primeira-dama-baixaria Janja, que xingou o empres\u00e1rio e dono da rede social X, antigo Twitter, Elon Musk. O deputado Rodrigo Valadares (Uni\u00e3o-SE) criticou a falta de compostura\u00a0de Janja. \u201cA primeira-dama mostrou, mais uma vez, que n\u00e3o compreende a responsabilidade do papel que [&hellip;]<\/p>\n","protected":false},"author":2,"featured_media":195465,"comment_status":"open","ping_status":"open","sticky":false,"template":"","format":"standard","meta":{"_monsterinsights_skip_tracking":false,"_monsterinsights_sitenote_active":false,"_monsterinsights_sitenote_note":"","_monsterinsights_sitenote_category":0},"categories":[12],"tags":[2262,39475,37932,4285,27063],"aioseo_notices":[],"_links":{"self":[{"href":"https:\/\/mspontocom.com.br\/site\/wp-json\/wp\/v2\/posts\/195457"}],"collection":[{"href":"https:\/\/mspontocom.com.br\/site\/wp-json\/wp\/v2\/posts"}],"about":[{"href":"https:\/\/mspontocom.com.br\/site\/wp-json\/wp\/v2\/types\/post"}],"author":[{"embeddable":true,"href":"https:\/\/mspontocom.com.br\/site\/wp-json\/wp\/v2\/users\/2"}],"replies":[{"embeddable":true,"href":"https:\/\/mspontocom.com.br\/site\/wp-json\/wp\/v2\/comments?post=195457"}],"version-history":[{"count":3,"href":"https:\/\/mspontocom.com.br\/site\/wp-json\/wp\/v2\/posts\/195457\/revisions"}],"predecessor-version":[{"id":195466,"href":"https:\/\/mspontocom.com.br\/site\/wp-json\/wp\/v2\/posts\/195457\/revisions\/195466"}],"wp:featuredmedia":[{"embeddable":true,"href":"https:\/\/mspontocom.com.br\/site\/wp-json\/wp\/v2\/media\/195465"}],"wp:attachment":[{"href":"https:\/\/mspontocom.com.br\/site\/wp-json\/wp\/v2\/media?parent=195457"}],"wp:term":[{"taxonomy":"category","embeddable":true,"href":"https:\/\/mspontocom.com.br\/site\/wp-json\/wp\/v2\/categories?post=195457"},{"taxonomy":"post_tag","embeddable":true,"href":"https:\/\/mspontocom.com.br\/site\/wp-json\/wp\/v2\/tags?post=195457"}],"curies":[{"name":"wp","href":"https:\/\/api.w.org\/{rel}","templated":true}]}}