{"id":195477,"date":"2024-11-19T06:20:17","date_gmt":"2024-11-19T10:20:17","guid":{"rendered":"https:\/\/mspontocom.com.br\/site\/?p=195477"},"modified":"2024-11-19T06:20:17","modified_gmt":"2024-11-19T10:20:17","slug":"dados-sobre-a-fome-damares-diz-que-g20-virou-palco-dos-horrores","status":"publish","type":"post","link":"https:\/\/mspontocom.com.br\/site\/dados-sobre-a-fome-damares-diz-que-g20-virou-palco-dos-horrores\/","title":{"rendered":"Dados sobre a Fome: Damares diz que G20 virou \u2018palco dos horrores"},"content":{"rendered":"<p style=\"text-align: justify;\"><img loading=\"lazy\" class=\"alignnone size-full wp-image-195486\" src=\"https:\/\/mspontocom.com.br\/site\/wp-content\/uploads\/2024\/11\/site-dados-sobre-a-fome-damares-diz-que-g20-virou-palco-dos-horrores-lula-pinoqio-1.jpeg\" alt=\"\" width=\"636\" height=\"443\" srcset=\"https:\/\/mspontocom.com.br\/site\/wp-content\/uploads\/2024\/11\/site-dados-sobre-a-fome-damares-diz-que-g20-virou-palco-dos-horrores-lula-pinoqio-1.jpeg 636w, https:\/\/mspontocom.com.br\/site\/wp-content\/uploads\/2024\/11\/site-dados-sobre-a-fome-damares-diz-que-g20-virou-palco-dos-horrores-lula-pinoqio-1-260x181.jpeg 260w\" sizes=\"(max-width: 636px) 100vw, 636px\" \/>A senadora <strong>Damares Alves<\/strong> (Republicanos-DF) afirmou que a C\u00fapula do G20, no Rio de Janeiro, tornou-se um <strong>\u201cpalco dos horrores\u201d<\/strong> com as falas de Lula sobre ter \u201cacabado com a fome\u201d do pa\u00eds.<\/p>\n<p style=\"text-align: justify;\">\u201cAcho que o G20, que tanto aguardamos, virou um palco dos horrores\u201d, afirmou Damares.<\/p>\n<p style=\"text-align: justify;\"><em><span style=\"font-size: 14pt;\">\u201cEu lamento que n\u00f3s trouxemos autoridades do mundo todo para o presidente Lula usar um dado da FAO para dizer que, em 2014, eles acabaram com a fome e, em 2022, a fome voltou para o Brasil, quando o IBGE fala que, de 2001 a 2022, a extrema pobreza e a pobreza recuaram em todas as Regi\u00f5es e, em especial, no Norte do pa\u00eds.\u201d<\/span><\/em><\/p>\n<p style=\"text-align: justify;\">A parlamentar ainda citou dados da Funda\u00e7\u00e3o Get\u00falio Vargas para contestar a fala de Lula.<\/p>\n<p style=\"text-align: justify;\">Afirmou o levantamento mostrou que a \u201cdesigualdade de renda na pandemia e depois, em 2022, apresentou os m\u00ednimos hist\u00f3ricos da s\u00e9rie brasileira iniciada em 1976.<\/p>\n<p style=\"text-align: justify;\">A ex-ministra das Mulheres e dos Direitos Humanos ainda destacou que o governo de <strong>Jair Bolsonaro<\/strong> (PL) \u201cn\u00e3o acabou com o Bolsa Fam\u00edlia\u201d, como dito por integrantes da gest\u00e3o petista.<\/p>\n<p style=\"text-align: justify;\"><span style=\"font-size: 14pt;\"><em>\u201cEle foi melhorado no valor de R$ 600. E detalhe, depois de termos dado o aux\u00edlio emergencial a milhares de brasileiros. O presidente Lula mente e mente em um foro internacional\u201d,<\/em><\/span> afirmou.<\/p>\n<p style=\"text-align: justify;\">Continue em nossa companhia. Veja mais not\u00edcias em: <a href=\"http:\/\/www.mspontocom.com.br\">www.mspontocom.com.br<\/a><\/p>\n<p style=\"text-align: justify;\">Instagram \u00a0e X:\u00a0 @mspontocom<\/p>\n","protected":false},"excerpt":{"rendered":"<p>A senadora Damares Alves (Republicanos-DF) afirmou que a C\u00fapula do G20, no Rio de Janeiro, tornou-se um \u201cpalco dos horrores\u201d com as falas de Lula sobre ter \u201cacabado com a fome\u201d do pa\u00eds. \u201cAcho que o G20, que tanto aguardamos, virou um palco dos horrores\u201d, afirmou Damares. \u201cEu lamento que n\u00f3s trouxemos autoridades do mundo [&hellip;]<\/p>\n","protected":false},"author":2,"featured_media":195486,"comment_status":"open","ping_status":"open","sticky":false,"template":"","format":"standard","meta":{"_monsterinsights_skip_tracking":false,"_monsterinsights_sitenote_active":false,"_monsterinsights_sitenote_note":"","_monsterinsights_sitenote_category":0},"categories":[6,30260,30259,12],"tags":[30254,35007,4362,615,42210],"aioseo_notices":[],"_links":{"self":[{"href":"https:\/\/mspontocom.com.br\/site\/wp-json\/wp\/v2\/posts\/195477"}],"collection":[{"href":"https:\/\/mspontocom.com.br\/site\/wp-json\/wp\/v2\/posts"}],"about":[{"href":"https:\/\/mspontocom.com.br\/site\/wp-json\/wp\/v2\/types\/post"}],"author":[{"embeddable":true,"href":"https:\/\/mspontocom.com.br\/site\/wp-json\/wp\/v2\/users\/2"}],"replies":[{"embeddable":true,"href":"https:\/\/mspontocom.com.br\/site\/wp-json\/wp\/v2\/comments?post=195477"}],"version-history":[{"count":2,"href":"https:\/\/mspontocom.com.br\/site\/wp-json\/wp\/v2\/posts\/195477\/revisions"}],"predecessor-version":[{"id":195487,"href":"https:\/\/mspontocom.com.br\/site\/wp-json\/wp\/v2\/posts\/195477\/revisions\/195487"}],"wp:featuredmedia":[{"embeddable":true,"href":"https:\/\/mspontocom.com.br\/site\/wp-json\/wp\/v2\/media\/195486"}],"wp:attachment":[{"href":"https:\/\/mspontocom.com.br\/site\/wp-json\/wp\/v2\/media?parent=195477"}],"wp:term":[{"taxonomy":"category","embeddable":true,"href":"https:\/\/mspontocom.com.br\/site\/wp-json\/wp\/v2\/categories?post=195477"},{"taxonomy":"post_tag","embeddable":true,"href":"https:\/\/mspontocom.com.br\/site\/wp-json\/wp\/v2\/tags?post=195477"}],"curies":[{"name":"wp","href":"https:\/\/api.w.org\/{rel}","templated":true}]}}