{"id":195479,"date":"2024-11-19T06:26:14","date_gmt":"2024-11-19T10:26:14","guid":{"rendered":"https:\/\/mspontocom.com.br\/site\/?p=195479"},"modified":"2024-11-19T06:26:14","modified_gmt":"2024-11-19T10:26:14","slug":"e-javier-milei-escolhe-o-lado-bom-da-vida","status":"publish","type":"post","link":"https:\/\/mspontocom.com.br\/site\/e-javier-milei-escolhe-o-lado-bom-da-vida\/","title":{"rendered":"&#8230; E Javier Milei escolhe o lado bom da vida"},"content":{"rendered":"<p style=\"text-align: justify;\"><img loading=\"lazy\" class=\"alignnone size-full wp-image-195488\" src=\"https:\/\/mspontocom.com.br\/site\/wp-content\/uploads\/2024\/11\/site-e-javier-milei-escolhe-o-lado-bom-da-vida-milei-.jpeg\" alt=\"\" width=\"1044\" height=\"587\" srcset=\"https:\/\/mspontocom.com.br\/site\/wp-content\/uploads\/2024\/11\/site-e-javier-milei-escolhe-o-lado-bom-da-vida-milei-.jpeg 1044w, https:\/\/mspontocom.com.br\/site\/wp-content\/uploads\/2024\/11\/site-e-javier-milei-escolhe-o-lado-bom-da-vida-milei--260x146.jpeg 260w, https:\/\/mspontocom.com.br\/site\/wp-content\/uploads\/2024\/11\/site-e-javier-milei-escolhe-o-lado-bom-da-vida-milei--1024x576.jpeg 1024w, https:\/\/mspontocom.com.br\/site\/wp-content\/uploads\/2024\/11\/site-e-javier-milei-escolhe-o-lado-bom-da-vida-milei--768x432.jpeg 768w\" sizes=\"(max-width: 1044px) 100vw, 1044px\" \/>O presidente da Argentina,<strong> Javier Milei,<\/strong> publicou um meme em seu <strong>Instagram<\/strong> que contrasta seu encontro com o presidente do Brasil, Luiz In\u00e1cio\u00a0<a class=\"st_tag internal_tag \" title=\"Veja mais postagens sobre Lula\" href=\"https:\/\/www.folhadestra.com\/tag\/lula\/\" rel=\"tag\">Lula<\/a> da Silva (PT), com sua reuni\u00e3o com Donald Trump.<\/p>\n<p style=\"text-align: justify;\">Na montagem, Milei aparece sorridente ao lado de<strong> Trump<\/strong>, em uma reuni\u00e3o ocorrida na quinta-feira (14), e s\u00e9rio ao lado de Lula, antes da primeira sess\u00e3o da C\u00fapula do G20 no Rio de Janeiro, nesta segunda-feira (18).<\/p>\n<p style=\"text-align: justify;\"><strong>A legenda do post resume: \u201cCom a direita \/\/ com a esquerda\u201d.<\/strong><\/p>\n<p>Continue em nossa companhia. Veja mais not\u00edcias em: <a href=\"http:\/\/www.mspontocom.com.br\">www.mspontocom.com.br<\/a><\/p>\n<p>Instagram \u00a0e X:\u00a0 @mspontocom<\/p>\n","protected":false},"excerpt":{"rendered":"<p>O presidente da Argentina, Javier Milei, publicou um meme em seu Instagram que contrasta seu encontro com o presidente do Brasil, Luiz In\u00e1cio\u00a0Lula da Silva (PT), com sua reuni\u00e3o com Donald Trump. Na montagem, Milei aparece sorridente ao lado de Trump, em uma reuni\u00e3o ocorrida na quinta-feira (14), e s\u00e9rio ao lado de Lula, antes [&hellip;]<\/p>\n","protected":false},"author":2,"featured_media":195488,"comment_status":"open","ping_status":"open","sticky":false,"template":"","format":"standard","meta":{"_monsterinsights_skip_tracking":false,"_monsterinsights_sitenote_active":false,"_monsterinsights_sitenote_note":"","_monsterinsights_sitenote_category":0},"categories":[30260,7,30259,12],"tags":[4520,40153,42211],"aioseo_notices":[],"_links":{"self":[{"href":"https:\/\/mspontocom.com.br\/site\/wp-json\/wp\/v2\/posts\/195479"}],"collection":[{"href":"https:\/\/mspontocom.com.br\/site\/wp-json\/wp\/v2\/posts"}],"about":[{"href":"https:\/\/mspontocom.com.br\/site\/wp-json\/wp\/v2\/types\/post"}],"author":[{"embeddable":true,"href":"https:\/\/mspontocom.com.br\/site\/wp-json\/wp\/v2\/users\/2"}],"replies":[{"embeddable":true,"href":"https:\/\/mspontocom.com.br\/site\/wp-json\/wp\/v2\/comments?post=195479"}],"version-history":[{"count":2,"href":"https:\/\/mspontocom.com.br\/site\/wp-json\/wp\/v2\/posts\/195479\/revisions"}],"predecessor-version":[{"id":195489,"href":"https:\/\/mspontocom.com.br\/site\/wp-json\/wp\/v2\/posts\/195479\/revisions\/195489"}],"wp:featuredmedia":[{"embeddable":true,"href":"https:\/\/mspontocom.com.br\/site\/wp-json\/wp\/v2\/media\/195488"}],"wp:attachment":[{"href":"https:\/\/mspontocom.com.br\/site\/wp-json\/wp\/v2\/media?parent=195479"}],"wp:term":[{"taxonomy":"category","embeddable":true,"href":"https:\/\/mspontocom.com.br\/site\/wp-json\/wp\/v2\/categories?post=195479"},{"taxonomy":"post_tag","embeddable":true,"href":"https:\/\/mspontocom.com.br\/site\/wp-json\/wp\/v2\/tags?post=195479"}],"curies":[{"name":"wp","href":"https:\/\/api.w.org\/{rel}","templated":true}]}}