{"id":195481,"date":"2024-11-19T06:05:00","date_gmt":"2024-11-19T10:05:00","guid":{"rendered":"https:\/\/mspontocom.com.br\/site\/?p=195481"},"modified":"2024-11-19T06:05:00","modified_gmt":"2024-11-19T10:05:00","slug":"moro-stf-esta-errado-em-anular-condenacoes-da-lava-jato","status":"publish","type":"post","link":"https:\/\/mspontocom.com.br\/site\/moro-stf-esta-errado-em-anular-condenacoes-da-lava-jato\/","title":{"rendered":"Moro: STF est\u00e1 errado em anular condena\u00e7\u00f5es da Lava Jato"},"content":{"rendered":"<p style=\"text-align: justify;\"><img loading=\"lazy\" class=\"alignnone size-full wp-image-195482\" src=\"https:\/\/mspontocom.com.br\/site\/wp-content\/uploads\/2024\/11\/site-moro-stf-esta-errado-em-anular-condenacoes-da-lava-jato-moroxtoffoli.webp\" alt=\"\" width=\"1280\" height=\"600\" srcset=\"https:\/\/mspontocom.com.br\/site\/wp-content\/uploads\/2024\/11\/site-moro-stf-esta-errado-em-anular-condenacoes-da-lava-jato-moroxtoffoli.webp 1280w, https:\/\/mspontocom.com.br\/site\/wp-content\/uploads\/2024\/11\/site-moro-stf-esta-errado-em-anular-condenacoes-da-lava-jato-moroxtoffoli-260x122.webp 260w, https:\/\/mspontocom.com.br\/site\/wp-content\/uploads\/2024\/11\/site-moro-stf-esta-errado-em-anular-condenacoes-da-lava-jato-moroxtoffoli-1024x480.webp 1024w, https:\/\/mspontocom.com.br\/site\/wp-content\/uploads\/2024\/11\/site-moro-stf-esta-errado-em-anular-condenacoes-da-lava-jato-moroxtoffoli-768x360.webp 768w\" sizes=\"(max-width: 1280px) 100vw, 1280px\" \/>O senador Sergio Moro j\u00e1 havia criticado a anula\u00e7\u00e3o das condena\u00e7\u00f5es judiciais de Jos\u00e9 Dirceu pelo STF.<\/p>\n<p style=\"text-align: justify;\">Para o senador, a decis\u00e3o representa um &#8220;retrocesso&#8221; no combate \u00e0 corrup\u00e7\u00e3o.<\/p>\n<p style=\"text-align: justify;\">O senador tamb\u00e9m havia lamentado a <a href=\"https:\/\/www.gazetadopovo.com.br\/republica\/toffoli-anula-provas-acordo-odebrecht-diz-prisao-lula-erro-judiciario\/?ref=link-interno-materia\" target=\"_blank\" rel=\"noreferrer noopener\" aria-label=\"decis\u00e3o do ministro Dias\u00a0Toffoli, do Supremo Tribunal Federal (STF), de anular todas as provas obtidas no acordo de leni\u00eancia firmado entre a empresa Odebrecht (abre numa nova aba)\">decis\u00e3o do ministro Dias\u00a0Toffoli, do Supremo Tribunal Federal (STF),\u00a0<\/a>de anular todas as provas obtidas no acordo de leni\u00eancia firmado entre a empresa Odebrecht e a\u00a0<a href=\"https:\/\/www.gazetadopovo.com.br\/tudo-sobre\/lava-jato\/?ref=link-interno-materia?ref=link-interno-materia\" target=\"_blank\" rel=\"noreferrer noopener\" aria-label=\"Opera\u00e7\u00e3o Lava-Jato (abre numa nova aba)\">Opera\u00e7\u00e3o Lava Jato<\/a>.<\/p>\n<p style=\"text-align: justify;\">Agora, nas redes sociais, Sergio Moro resumiu a tentativa de desmonte da Opera\u00e7\u00e3o Lava Jato e a coincid\u00eancia disto acontecer durante o governo Lula.<\/p>\n<p style=\"text-align: justify;\">Moro critica STF: raz\u00f5es se perdem para anular condena\u00e7\u00f5es<\/p>\n<p style=\"text-align: justify;\"><em><span style=\"font-size: 14pt;\">&#8220;Ainda faltam dois longos anos de um Governo Lula que n\u00e3o tem legado ou projeto para o pa\u00eds&#8221;<\/span><\/em><\/p>\n<p style=\"text-align: justify;\">Continue em nossa companhia. Veja mais not\u00edcias em: <a href=\"http:\/\/www.mspontocom.com.br\">www.mspontocom.com.br<\/a><\/p>\n<p style=\"text-align: justify;\">Instagram \u00a0e X:\u00a0 @mspontocom<\/p>\n","protected":false},"excerpt":{"rendered":"<p>O senador Sergio Moro j\u00e1 havia criticado a anula\u00e7\u00e3o das condena\u00e7\u00f5es judiciais de Jos\u00e9 Dirceu pelo STF. Para o senador, a decis\u00e3o representa um &#8220;retrocesso&#8221; no combate \u00e0 corrup\u00e7\u00e3o. O senador tamb\u00e9m havia lamentado a decis\u00e3o do ministro Dias\u00a0Toffoli, do Supremo Tribunal Federal (STF),\u00a0de anular todas as provas obtidas no acordo de leni\u00eancia firmado entre [&hellip;]<\/p>\n","protected":false},"author":2,"featured_media":195482,"comment_status":"open","ping_status":"open","sticky":false,"template":"","format":"standard","meta":{"_monsterinsights_skip_tracking":false,"_monsterinsights_sitenote_active":false,"_monsterinsights_sitenote_note":"","_monsterinsights_sitenote_category":0},"categories":[2528,12],"tags":[42207,42208,21419,23158,3014],"_links":{"self":[{"href":"https:\/\/mspontocom.com.br\/site\/wp-json\/wp\/v2\/posts\/195481"}],"collection":[{"href":"https:\/\/mspontocom.com.br\/site\/wp-json\/wp\/v2\/posts"}],"about":[{"href":"https:\/\/mspontocom.com.br\/site\/wp-json\/wp\/v2\/types\/post"}],"author":[{"embeddable":true,"href":"https:\/\/mspontocom.com.br\/site\/wp-json\/wp\/v2\/users\/2"}],"replies":[{"embeddable":true,"href":"https:\/\/mspontocom.com.br\/site\/wp-json\/wp\/v2\/comments?post=195481"}],"version-history":[{"count":1,"href":"https:\/\/mspontocom.com.br\/site\/wp-json\/wp\/v2\/posts\/195481\/revisions"}],"predecessor-version":[{"id":195483,"href":"https:\/\/mspontocom.com.br\/site\/wp-json\/wp\/v2\/posts\/195481\/revisions\/195483"}],"wp:featuredmedia":[{"embeddable":true,"href":"https:\/\/mspontocom.com.br\/site\/wp-json\/wp\/v2\/media\/195482"}],"wp:attachment":[{"href":"https:\/\/mspontocom.com.br\/site\/wp-json\/wp\/v2\/media?parent=195481"}],"wp:term":[{"taxonomy":"category","embeddable":true,"href":"https:\/\/mspontocom.com.br\/site\/wp-json\/wp\/v2\/categories?post=195481"},{"taxonomy":"post_tag","embeddable":true,"href":"https:\/\/mspontocom.com.br\/site\/wp-json\/wp\/v2\/tags?post=195481"}],"curies":[{"name":"wp","href":"https:\/\/api.w.org\/{rel}","templated":true}]}}