{"id":195501,"date":"2024-11-19T06:06:16","date_gmt":"2024-11-19T10:06:16","guid":{"rendered":"https:\/\/mspontocom.com.br\/site\/?p=195501"},"modified":"2024-11-19T13:10:27","modified_gmt":"2024-11-19T17:10:27","slug":"o-novo-morreu-de-velho-gaudencio-torquato","status":"publish","type":"post","link":"https:\/\/mspontocom.com.br\/site\/o-novo-morreu-de-velho-gaudencio-torquato\/","title":{"rendered":"O NOVO MORREU DE VELHO:  GAUD\u00caNCIO TORQUATO"},"content":{"rendered":"<p style=\"text-align: justify;\"><img loading=\"lazy\" class=\"alignnone size-full wp-image-195502\" src=\"https:\/\/mspontocom.com.br\/site\/wp-content\/uploads\/2024\/11\/site-gaudencio1-1.jpg\" alt=\"\" width=\"1626\" height=\"789\" srcset=\"https:\/\/mspontocom.com.br\/site\/wp-content\/uploads\/2024\/11\/site-gaudencio1-1.jpg 1626w, https:\/\/mspontocom.com.br\/site\/wp-content\/uploads\/2024\/11\/site-gaudencio1-1-260x126.jpg 260w, https:\/\/mspontocom.com.br\/site\/wp-content\/uploads\/2024\/11\/site-gaudencio1-1-1024x497.jpg 1024w, https:\/\/mspontocom.com.br\/site\/wp-content\/uploads\/2024\/11\/site-gaudencio1-1-768x373.jpg 768w, https:\/\/mspontocom.com.br\/site\/wp-content\/uploads\/2024\/11\/site-gaudencio1-1-1536x745.jpg 1536w\" sizes=\"(max-width: 1626px) 100vw, 1626px\" \/>O <span style=\"color: #ff0000;\"><strong>mspontocom<\/strong><\/span> publica semanalmente artigo do professor Gaud\u00eancio Torquato.<\/p>\n<div class=\"m_-3949627203392842493he-col m_-3949627203392842493he-last\" style=\"text-align: justify;\">\n<table class=\"m_-3949627203392842493he-col\" border=\"0\" width=\"100%\" cellspacing=\"0\" cellpadding=\"0\" align=\"center\">\n<tbody>\n<tr>\n<td align=\"center\">\n<table border=\"0\" width=\"100%\" cellspacing=\"0\" cellpadding=\"0\">\n<tbody>\n<tr>\n<td><strong>Torquato \u00e9 escritor, jornalista, professor titular da USP e consultor pol\u00edtico<\/strong><\/td>\n<\/tr>\n<\/tbody>\n<\/table>\n<\/td>\n<\/tr>\n<\/tbody>\n<\/table>\n<\/div>\n<table border=\"0\" width=\"100%\" cellspacing=\"0\" cellpadding=\"0\">\n<tbody>\n<tr>\n<td align=\"center\" valign=\"top\">\n<div class=\"m_-3949627203392842493he-col m_-3949627203392842493he-last\">\n<table class=\"m_-3949627203392842493he-col\" border=\"0\" width=\"100%\" cellspacing=\"0\" cellpadding=\"0\" align=\"center\">\n<tbody>\n<tr>\n<td align=\"center\">\n<table border=\"0\" width=\"100%\" cellspacing=\"0\" cellpadding=\"0\">\n<tbody>\n<tr>\n<td>\n<p style=\"text-align: justify;\">O \u201cnovo\u201d \u00e9 um tra\u00e7o recorrente da pol\u00edtica. Ressuscita, sempre, na alvorada das mudan\u00e7as de governantes. Esconde-se nas moitas das administra\u00e7\u00f5es, desaparece na poeira da mesmice, mas volta quando os eleitos ou reeleitos abrem um novo ciclo de vida. Em janeiro, o \u201cnovo\u201d ser\u00e1 entronizado nos assentos do poder executivo, onde vencedores dos pleitos prometem uma revolu\u00e7\u00e3o. Afinal, ningu\u00e9m quer posar de velho.<\/p>\n<p style=\"text-align: justify;\">\n<p style=\"text-align: justify;\">Os prefeitos que iniciar\u00e3o seus mandatos em janeiro de 2025, presidentes em meio de mandato, como Lula, e outros que voltam ao poder, como Donald Trump, nos EUA, come\u00e7ar\u00e3o a cavalgar na montaria do \u201cnovo\u201d. O mantra reaparece: farei grandes mudan\u00e7as; uma revolu\u00e7\u00e3o na forma de governar; abrirei uma nova era; \u00e9 tempo de respirar novos ares. E tome fala\u00e7\u00e3o.<\/p>\n<p style=\"text-align: justify;\">\n<p style=\"text-align: justify;\">\u00c9 interessante observar as raz\u00f5es para o uso t\u00e3o intenso dessa palavra. O que significaria o \u201cnovo\u201d na pol\u00edtica? Virar a mesa da mesmice, trazer para o leito da administra\u00e7\u00e3o novos condimentos, mexer no sistema cognitivo dos eleitores, ao prometer uma \u201cShangri-l\u00e1\u201d, o para\u00edso na terra? E \u00e9 interessante tamb\u00e9m ver que n\u00f3s, pobres mortais, acreditamos nessa promessa palanqueira. No fundo de nossas cren\u00e7as, temos a esperan\u00e7a de que ela nos ofere\u00e7a o n\u00e9ctar da felicidade.<\/p>\n<p style=\"text-align: justify;\">\n<p style=\"text-align: justify;\">Lembre-se que os r\u00f3tulos perderam o sentido num mundo em que o poder pol\u00edtico se despenca no despenhadeiro das coisas desacreditadas, embora consigam ainda mexer com a cogni\u00e7\u00e3o dos mortais. Vivemos na era do pragmatismo, o ciclo em que os seres decidem de acordo com as demandas satisfeitas. Descortinamos o cen\u00e1rio do que Maurice Duverger chamou de tecno-democracia, a democracia das vastas organiza\u00e7\u00f5es econ\u00f4micas, do gerenciamento burocr\u00e1tico dos t\u00e9cnicos, dos neg\u00f3cios globalizados, dos capitais vol\u00e1teis, das unidades interdependentes.\u00a0\u00c9 nessa paisagem que se promete implantar a semente do \u201cnovo\u201d. Que ganha novas \u00eanfases.<\/p>\n<p style=\"text-align: justify;\">\n<p style=\"text-align: justify;\">Ocorre que este conceito, t\u00e3o banalizado, nunca deixou de abrigar velhas pr\u00e1ticas. Vejam: fazer arranjos nas bases partid\u00e1rias com o objetivo de garantir emendas constitucionais; abrir o cofre aos pol\u00edticos para conseguir cooptar apoios; piscar um olho para a direita e outro para a esquerda no esfor\u00e7o de acender uma vela a Deus e outra ao diabo. Isso \u00e9 coisa d\u2019outrora.<\/p>\n<p style=\"text-align: justify;\">\n<p style=\"text-align: justify;\">A arte da pol\u00edtica na era do \u201cp\u00f3s-qualquer coisa\u201d coloca o interesse geral como salvaguarda de interesses privados. Como sempre, a locomotiva do dinheiro puxa o trem da pol\u00edtica. Tiram um imposto aqui, criam outro acol\u00e1. Fazem reforma tribut\u00e1ria de araque. Ao final da apura\u00e7\u00e3o, vai dar o mesmo preju\u00edzo ao bolso dos consumidores. Pro\u00edbe-se uma coisa, libera-se outra. Tudo sob o r\u00f3tulo do \u201cnovo\u201d.<\/p>\n<p style=\"text-align: justify;\">\n<p style=\"text-align: justify;\">E o que esse \u201cnovo\u201d t\u00e3o festejado e enganador embute? Resposta: aquilo que Duverger chama de \u201csimbiose interburocr\u00e1tica\u201d, a pol\u00edtica imbricada \u00e0 economia, uma geleia geral. Vejam o caso dos nossos partidos. Deveriam representar partes da sociedade. Respirar doutrina, ideologia. Pergunta-se: qual o oxig\u00eanio que os alimenta? At\u00e9 o velho PT de guerra, de n\u00edtidas fei\u00e7\u00f5es, tornou-se um frankenstein mal-ajambrado. A banaliza\u00e7\u00e3o da atividade partid\u00e1ria sonoriza os palanques na era do \u201cnovo\u201d.<\/p>\n<p style=\"text-align: justify;\">\n<p style=\"text-align: justify;\">O arrefecimento ideol\u00f3gico, o decl\u00ednio dos entes partid\u00e1rios, dos parlamentos, da democracia atomizada, que se espraiam desde o s\u00e9culo XIX, explicam porque os governantes se esfor\u00e7am para explicar que s\u00e3o inovadores, cumpridores de palavras e n\u00e3o vendedores de ilus\u00f5es e utopias. Trump, nos EUA, est\u00e1 prometendo inovar com Elon Musk, o empres\u00e1rio mais rico do mundo, dando a ele um tal de Departamento da Efici\u00eancia. Os neg\u00f3cios de Musk se cruzam com os contratos de suas empresas com o governo americano.<\/p>\n<p style=\"text-align: justify;\">\n<p style=\"text-align: justify;\">Tocar o que for poss\u00edvel, sem fazer milagres, canalizar os interesses grupais, dar uma no cravo, outra na ferradura \u2013 \u00e9 a velha receita dos \u201ctempos novos\u201d. Est\u00e3o a\u00ed as reformas poss\u00edveis, na forma de arremedos de mudan\u00e7as. Se n\u00e3o forem suficientes, paci\u00eancia (palavra que muitos gostam de usar), elas representam o caldo das possibilidades.<\/p>\n<p style=\"text-align: justify;\">\n<p style=\"text-align: justify;\">A receita, prega Lula, \u00e9 a redistribui\u00e7\u00e3o de riquezas. O que significa continuar com os pacotes assistencialistas. Cortar despesas, como defendem os ministros Fernando Haddad e Simone Tebet, \u00e9 um Deus-nos-acuda. Luiz In\u00e1cio, em seu Lula III, quer repetir o Lula I.<\/p>\n<p style=\"text-align: justify;\">\n<p style=\"text-align: justify;\">E assim enterramos o \u201cnovo\u201d do caix\u00e3o do velho.<\/p>\n<\/td>\n<\/tr>\n<\/tbody>\n<\/table>\n<\/td>\n<\/tr>\n<\/tbody>\n<\/table>\n<\/div>\n<\/td>\n<\/tr>\n<\/tbody>\n<\/table>\n","protected":false},"excerpt":{"rendered":"<p>O mspontocom publica semanalmente artigo do professor Gaud\u00eancio Torquato. Torquato \u00e9 escritor, jornalista, professor titular da USP e consultor pol\u00edtico O \u201cnovo\u201d \u00e9 um tra\u00e7o recorrente da pol\u00edtica. Ressuscita, sempre, na alvorada das mudan\u00e7as de governantes. Esconde-se nas moitas das administra\u00e7\u00f5es, desaparece na poeira da mesmice, mas volta quando os eleitos ou reeleitos abrem um [&hellip;]<\/p>\n","protected":false},"author":2,"featured_media":195502,"comment_status":"open","ping_status":"open","sticky":false,"template":"","format":"standard","meta":{"_monsterinsights_skip_tracking":false,"_monsterinsights_sitenote_active":false,"_monsterinsights_sitenote_note":"","_monsterinsights_sitenote_category":0},"categories":[12],"tags":[17132,34523],"aioseo_notices":[],"_links":{"self":[{"href":"https:\/\/mspontocom.com.br\/site\/wp-json\/wp\/v2\/posts\/195501"}],"collection":[{"href":"https:\/\/mspontocom.com.br\/site\/wp-json\/wp\/v2\/posts"}],"about":[{"href":"https:\/\/mspontocom.com.br\/site\/wp-json\/wp\/v2\/types\/post"}],"author":[{"embeddable":true,"href":"https:\/\/mspontocom.com.br\/site\/wp-json\/wp\/v2\/users\/2"}],"replies":[{"embeddable":true,"href":"https:\/\/mspontocom.com.br\/site\/wp-json\/wp\/v2\/comments?post=195501"}],"version-history":[{"count":1,"href":"https:\/\/mspontocom.com.br\/site\/wp-json\/wp\/v2\/posts\/195501\/revisions"}],"predecessor-version":[{"id":195503,"href":"https:\/\/mspontocom.com.br\/site\/wp-json\/wp\/v2\/posts\/195501\/revisions\/195503"}],"wp:featuredmedia":[{"embeddable":true,"href":"https:\/\/mspontocom.com.br\/site\/wp-json\/wp\/v2\/media\/195502"}],"wp:attachment":[{"href":"https:\/\/mspontocom.com.br\/site\/wp-json\/wp\/v2\/media?parent=195501"}],"wp:term":[{"taxonomy":"category","embeddable":true,"href":"https:\/\/mspontocom.com.br\/site\/wp-json\/wp\/v2\/categories?post=195501"},{"taxonomy":"post_tag","embeddable":true,"href":"https:\/\/mspontocom.com.br\/site\/wp-json\/wp\/v2\/tags?post=195501"}],"curies":[{"name":"wp","href":"https:\/\/api.w.org\/{rel}","templated":true}]}}