{"id":195511,"date":"2024-11-20T06:55:25","date_gmt":"2024-11-20T10:55:25","guid":{"rendered":"https:\/\/mspontocom.com.br\/site\/?p=195511"},"modified":"2024-11-20T06:55:25","modified_gmt":"2024-11-20T10:55:25","slug":"oposicao-quer-investigar-reuniao-secreta-entre-lula-stf-e-policia-federal","status":"publish","type":"post","link":"https:\/\/mspontocom.com.br\/site\/oposicao-quer-investigar-reuniao-secreta-entre-lula-stf-e-policia-federal\/","title":{"rendered":"Oposi\u00e7\u00e3o quer investigar reuni\u00e3o secreta entre Lula, STF e Pol\u00edcia Federal"},"content":{"rendered":"<p style=\"text-align: justify;\"><img loading=\"lazy\" class=\"alignnone size-full wp-image-195512\" src=\"https:\/\/mspontocom.com.br\/site\/wp-content\/uploads\/2024\/11\/site-oposicao-quer-investigar-reuniao-secreta-entre-lula-stf-e-policia-federal-top.webp\" alt=\"\" width=\"960\" height=\"675\" srcset=\"https:\/\/mspontocom.com.br\/site\/wp-content\/uploads\/2024\/11\/site-oposicao-quer-investigar-reuniao-secreta-entre-lula-stf-e-policia-federal-top.webp 960w, https:\/\/mspontocom.com.br\/site\/wp-content\/uploads\/2024\/11\/site-oposicao-quer-investigar-reuniao-secreta-entre-lula-stf-e-policia-federal-top-260x183.webp 260w, https:\/\/mspontocom.com.br\/site\/wp-content\/uploads\/2024\/11\/site-oposicao-quer-investigar-reuniao-secreta-entre-lula-stf-e-policia-federal-top-768x540.webp 768w\" sizes=\"(max-width: 960px) 100vw, 960px\" \/>O\u00a0 <a href=\"https:\/\/novo.org.br\/novo\/posicionamentos\/\">NOVO<\/a>, por meio das bancadas no Senado e na C\u00e2mara dos Deputados, enviou dois requerimentos de informa\u00e7\u00e3o pedindo explica\u00e7\u00f5es sobre a <strong>reuni\u00e3o secreta<\/strong> entre Lula , o STF, a Procuradoria-Geral da Rep\u00fablica (PGR) e a <strong>Pol\u00edcia Federal<\/strong> no mesmo hor\u00e1rio das explos\u00f5es na Pra\u00e7a dos Tr\u00eas Poderes, em Bras\u00edlia.<\/p>\n<p style=\"text-align: justify;\">Segundo foi noticiado pela imprensa, o encontro teve a presen\u00e7a, al\u00e9m do chefe do executivo, dos ministros do STF, <strong>Cristiano Zanin, Gilmar Mendes e Alexandre de Moraes<\/strong>, do chefe da PGR, Paulo Gonet, e do <strong>diretor-geral da PF, Andrei Rodrigues.<\/strong><\/p>\n<p style=\"text-align: justify;\"><span style=\"font-size: 18pt;\"><em>\u201cA reuni\u00e3o secreta entre o presidente da Rep\u00fablica, ministros do STF e o Diretor-Geral da Pol\u00edcia Federal no Pal\u00e1cio da Alvorada escancara a parcialidade dos envolvidos e o comprometimento da independ\u00eancia entre os Poderes&#8221;.,<\/em><\/span>\u00a0 apontou Marcel van Hattem.<\/p>\n<h2 class=\"wp-block-heading has-text-align-center\" style=\"text-align: justify;\">O pedido de esclarecimentos sobre reuni\u00e3o entre Lula e STF durante explos\u00f5es<\/h2>\n<p style=\"text-align: justify;\">O pedido do partido solicita os detalhes do encontro, como hor\u00e1rio de entrada e sa\u00edda dos integrantes, lista de presentes e temas discutidos e a raz\u00e3o para o <strong>acontecimento n\u00e3o constar nas agendas oficiais.<\/strong><\/p>\n<p style=\"text-align: justify;\">Alguns meios de comunica\u00e7\u00e3o tamb\u00e9m apresentaram a hip\u00f3tese de que o compromisso teria a finalidade de discutir as etapas finais das investiga\u00e7\u00f5es contra o ex-presidente <strong>Jair Bolsonaro (PL).<\/strong><\/p>\n<p style=\"text-align: justify;\">\n<p style=\"text-align: justify;\">Continue em nossa companhia. Veja mais not\u00edcias em: <a href=\"http:\/\/www.mspontocom.com.br\">www.mspontocom.com.br<\/a><\/p>\n<p style=\"text-align: justify;\">Instagram \u00a0e X:\u00a0 @mspontocom<\/p>\n","protected":false},"excerpt":{"rendered":"<p>O\u00a0 NOVO, por meio das bancadas no Senado e na C\u00e2mara dos Deputados, enviou dois requerimentos de informa\u00e7\u00e3o pedindo explica\u00e7\u00f5es sobre a reuni\u00e3o secreta entre Lula , o STF, a Procuradoria-Geral da Rep\u00fablica (PGR) e a Pol\u00edcia Federal no mesmo hor\u00e1rio das explos\u00f5es na Pra\u00e7a dos Tr\u00eas Poderes, em Bras\u00edlia. Segundo foi noticiado pela imprensa, [&hellip;]<\/p>\n","protected":false},"author":2,"featured_media":195512,"comment_status":"open","ping_status":"open","sticky":false,"template":"","format":"standard","meta":{"_monsterinsights_skip_tracking":false,"_monsterinsights_sitenote_active":false,"_monsterinsights_sitenote_note":"","_monsterinsights_sitenote_category":0},"categories":[6,30260,30259,12],"tags":[24923,42215,480,4285,283,42214,3014],"aioseo_notices":[],"_links":{"self":[{"href":"https:\/\/mspontocom.com.br\/site\/wp-json\/wp\/v2\/posts\/195511"}],"collection":[{"href":"https:\/\/mspontocom.com.br\/site\/wp-json\/wp\/v2\/posts"}],"about":[{"href":"https:\/\/mspontocom.com.br\/site\/wp-json\/wp\/v2\/types\/post"}],"author":[{"embeddable":true,"href":"https:\/\/mspontocom.com.br\/site\/wp-json\/wp\/v2\/users\/2"}],"replies":[{"embeddable":true,"href":"https:\/\/mspontocom.com.br\/site\/wp-json\/wp\/v2\/comments?post=195511"}],"version-history":[{"count":1,"href":"https:\/\/mspontocom.com.br\/site\/wp-json\/wp\/v2\/posts\/195511\/revisions"}],"predecessor-version":[{"id":195513,"href":"https:\/\/mspontocom.com.br\/site\/wp-json\/wp\/v2\/posts\/195511\/revisions\/195513"}],"wp:featuredmedia":[{"embeddable":true,"href":"https:\/\/mspontocom.com.br\/site\/wp-json\/wp\/v2\/media\/195512"}],"wp:attachment":[{"href":"https:\/\/mspontocom.com.br\/site\/wp-json\/wp\/v2\/media?parent=195511"}],"wp:term":[{"taxonomy":"category","embeddable":true,"href":"https:\/\/mspontocom.com.br\/site\/wp-json\/wp\/v2\/categories?post=195511"},{"taxonomy":"post_tag","embeddable":true,"href":"https:\/\/mspontocom.com.br\/site\/wp-json\/wp\/v2\/tags?post=195511"}],"curies":[{"name":"wp","href":"https:\/\/api.w.org\/{rel}","templated":true}]}}