{"id":195551,"date":"2024-11-22T06:13:03","date_gmt":"2024-11-22T10:13:03","guid":{"rendered":"https:\/\/mspontocom.com.br\/site\/?p=195551"},"modified":"2024-11-22T06:13:03","modified_gmt":"2024-11-22T10:13:03","slug":"com-70-de-aprovacao-tarcisio-defende-bolsonaro-respeitou-resultado-da-eleicao","status":"publish","type":"post","link":"https:\/\/mspontocom.com.br\/site\/com-70-de-aprovacao-tarcisio-defende-bolsonaro-respeitou-resultado-da-eleicao\/","title":{"rendered":"Com 70% de aprova\u00e7\u00e3o, Tarc\u00edsio defende Bolsonaro: \u2018respeitou resultado da elei\u00e7\u00e3o\u2019"},"content":{"rendered":"<div>\n<div class=\"default__StyledWrapper-sc-1jubmr2-0 icjFpt\">\n<div class=\"styles__Tag-sc-1kqcjew-0 styles__TagStyled-sc-1kqcjew-1 jizfvP dtdFoS container\">\n<div class=\"styles__Tag-sc-1kqcjew-0 styles__TagStyled-sc-1kqcjew-1 jizfvP dtdFoS row\">\n<div class=\"styles__Tag-sc-1kqcjew-0 styles__TagStyled-sc-1kqcjew-1 jizfvP dtdFoS col-12\">\n<div data-fusion-lazy-id=\"f0fqlpDzBPBm2Ni\">\n<div class=\"styles__NavBarReservedAreaStyled-sc-1448nmm-3 efdurd nav-bar-reserved-area\">\n<div class=\"styles__NavbarHeaderEstadaoStyled-sc-1448nmm-2 jcKqmE navbar-header-estadao -nav-news --not-subscriber\">\n<div class=\"navbar-container\">\n<div class=\"navbar-content container\"><\/div>\n<\/div>\n<\/div>\n<\/div>\n<\/div>\n<\/div>\n<\/div>\n<\/div>\n<\/div>\n<\/div>\n<div>\n<header class=\"styles__ContainerHeaderNoticiaBlockStyled-sc-17abcbt-0 ryZWD\">\n<div class=\"container\">\n<div class=\"container-news-informs\">\n<h2 style=\"text-align: justify;\"><strong><span style=\"font-size: 16px;\"><img loading=\"lazy\" class=\"alignnone size-full wp-image-195562\" src=\"https:\/\/mspontocom.com.br\/site\/wp-content\/uploads\/2024\/11\/site-com-70-de-aprovacao-tarcisio-defende-bolsonaro-respeitou-resultado-da-eleicao-tarcisio3.jpeg\" alt=\"\" width=\"906\" height=\"509\" srcset=\"https:\/\/mspontocom.com.br\/site\/wp-content\/uploads\/2024\/11\/site-com-70-de-aprovacao-tarcisio-defende-bolsonaro-respeitou-resultado-da-eleicao-tarcisio3.jpeg 906w, https:\/\/mspontocom.com.br\/site\/wp-content\/uploads\/2024\/11\/site-com-70-de-aprovacao-tarcisio-defende-bolsonaro-respeitou-resultado-da-eleicao-tarcisio3-260x146.jpeg 260w, https:\/\/mspontocom.com.br\/site\/wp-content\/uploads\/2024\/11\/site-com-70-de-aprovacao-tarcisio-defende-bolsonaro-respeitou-resultado-da-eleicao-tarcisio3-768x431.jpeg 768w\" sizes=\"(max-width: 906px) 100vw, 906px\" \/>O governador de S\u00e3o Paulo,<\/span><a style=\"font-size: 16px;\" href=\"https:\/\/www.estadao.com.br\/tudo-sobre\/tarcisio-de-freitas\/\" target=\"_blank\" rel=\"noopener\"> Tarc\u00edsio de Freitas\u00a0<\/a><span style=\"font-size: 16px;\"> se manifestou na noite\u00a0 sobre\u00a0<\/span><a style=\"font-size: 16px;\" href=\"https:\/\/www.estadao.com.br\/politica\/blog-do-fausto-macedo\/pf-indicia-37-por-golpe-organizacao-criminosa-e-abolicao-violenta-do-estado-democratico\/\" target=\"_blank\" rel=\"noopener\">o indiciamento de seu aliado, o ex-presidente Jair Bolsonaro (PL) pela Pol\u00edcia Federal<\/a><span style=\"font-size: 16px;\">. <\/span><\/strong><\/h2>\n<h2 style=\"text-align: justify;\"><strong><span style=\"font-size: 16px;\">Tarc\u00edsio saiu em defesa do ex-presidente, argumentando que ele teria respeitado o resultado das urnas. <\/span><\/strong><\/h2>\n<h2 style=\"text-align: justify;\"><strong><span style=\"font-size: 16px;\">Tarc\u00edsio ainda defendeu que a investiga\u00e7\u00e3o mostre \u201ca verdade dos fatos\u201d.\u00a0<\/span><\/strong><\/h2>\n<\/div>\n<\/div>\n<\/header>\n<\/div>\n<div id=\"content\" class=\"styles__ContentWrapperContainerStyled-sc-1ehbu6v-0 klsZKo content-wrapper -paywall-parent box\">\n<div class=\"styles__ContentWrapperContainerStyled-sc-1ehbu6v-0 klsZKo content-wrapper news-body container content template-reportagem\" style=\"text-align: justify;\" data-paywall-wrapper=\"true\">\n<p class=\"styles__ParagraphStyled-sc-6adecn-0 dXbqCe \"><span style=\"font-size: 14pt;\"><em>\u201cH\u00e1 uma narrativa disseminada contra o presidente Jair Bolsonaro e que carece de provas.\u00a0 O presidente respeitou o resultado da elei\u00e7\u00e3o e a posse aconteceu em plena normalidade e respeito \u00e0 democracia&#8221;<\/em><\/span>.\u00a0 afirmou o governador de S\u00e3o Paulo.<\/p>\n<p><strong>Tarc\u00edsio \u00e9 considerado o favorito para suceder Bolsonaro em uma eventual candidatura de direita \u00e0 Presid\u00eancia da Rep\u00fablica<\/strong><\/p>\n<p><strong>O governador tem aprova\u00e7\u00e3o de 68,8% dos eleitores do estado de S\u00e3o Paulo de acordo com levantamento do\u00a0Paran\u00e1 Pesquisas\u00a0divulgado nesta quinta-feira, 21<\/strong><\/p>\n<\/div>\n<p style=\"text-align: justify;\">Continue ao nosso lado. Veja mais not\u00edcias em: <a href=\"http:\/\/www.mspontocom.com.br\">www.mspontocom.com.br<\/a><\/p>\n<p style=\"text-align: justify;\">Instagram \u00a0e X:\u00a0 @mspontocom<\/p>\n<\/div>\n","protected":false},"excerpt":{"rendered":"<p>O governador de S\u00e3o Paulo, Tarc\u00edsio de Freitas\u00a0 se manifestou na noite\u00a0 sobre\u00a0o indiciamento de seu aliado, o ex-presidente Jair Bolsonaro (PL) pela Pol\u00edcia Federal. Tarc\u00edsio saiu em defesa do ex-presidente, argumentando que ele teria respeitado o resultado das urnas. Tarc\u00edsio ainda defendeu que a investiga\u00e7\u00e3o mostre \u201ca verdade dos fatos\u201d.\u00a0 \u201cH\u00e1 uma narrativa disseminada [&hellip;]<\/p>\n","protected":false},"author":2,"featured_media":195562,"comment_status":"open","ping_status":"open","sticky":false,"template":"","format":"standard","meta":{"_monsterinsights_skip_tracking":false,"_monsterinsights_sitenote_active":false,"_monsterinsights_sitenote_note":"","_monsterinsights_sitenote_category":0},"categories":[6,30260,30259,12],"tags":[42230,21017,24612,42231,22277,39029,27777],"aioseo_notices":[],"_links":{"self":[{"href":"https:\/\/mspontocom.com.br\/site\/wp-json\/wp\/v2\/posts\/195551"}],"collection":[{"href":"https:\/\/mspontocom.com.br\/site\/wp-json\/wp\/v2\/posts"}],"about":[{"href":"https:\/\/mspontocom.com.br\/site\/wp-json\/wp\/v2\/types\/post"}],"author":[{"embeddable":true,"href":"https:\/\/mspontocom.com.br\/site\/wp-json\/wp\/v2\/users\/2"}],"replies":[{"embeddable":true,"href":"https:\/\/mspontocom.com.br\/site\/wp-json\/wp\/v2\/comments?post=195551"}],"version-history":[{"count":3,"href":"https:\/\/mspontocom.com.br\/site\/wp-json\/wp\/v2\/posts\/195551\/revisions"}],"predecessor-version":[{"id":195563,"href":"https:\/\/mspontocom.com.br\/site\/wp-json\/wp\/v2\/posts\/195551\/revisions\/195563"}],"wp:featuredmedia":[{"embeddable":true,"href":"https:\/\/mspontocom.com.br\/site\/wp-json\/wp\/v2\/media\/195562"}],"wp:attachment":[{"href":"https:\/\/mspontocom.com.br\/site\/wp-json\/wp\/v2\/media?parent=195551"}],"wp:term":[{"taxonomy":"category","embeddable":true,"href":"https:\/\/mspontocom.com.br\/site\/wp-json\/wp\/v2\/categories?post=195551"},{"taxonomy":"post_tag","embeddable":true,"href":"https:\/\/mspontocom.com.br\/site\/wp-json\/wp\/v2\/tags?post=195551"}],"curies":[{"name":"wp","href":"https:\/\/api.w.org\/{rel}","templated":true}]}}