{"id":195554,"date":"2024-11-22T06:27:55","date_gmt":"2024-11-22T10:27:55","guid":{"rendered":"https:\/\/mspontocom.com.br\/site\/?p=195554"},"modified":"2024-11-22T06:27:55","modified_gmt":"2024-11-22T10:27:55","slug":"stf-manda-soltar-15-membros-de-quadrilha-de-traficantes","status":"publish","type":"post","link":"https:\/\/mspontocom.com.br\/site\/stf-manda-soltar-15-membros-de-quadrilha-de-traficantes\/","title":{"rendered":"STF manda soltar 15 membros de quadrilha de traficantes"},"content":{"rendered":"<p style=\"text-align: justify;\"><img loading=\"lazy\" class=\"alignnone size-full wp-image-195564\" src=\"https:\/\/mspontocom.com.br\/site\/wp-content\/uploads\/2024\/11\/site-stf-manda-soltar-15-membros-de-quadrilha-que-atua-com-drogas-tatudodominado-e1732271148178.jpg\" alt=\"\" width=\"995\" height=\"515\" srcset=\"https:\/\/mspontocom.com.br\/site\/wp-content\/uploads\/2024\/11\/site-stf-manda-soltar-15-membros-de-quadrilha-que-atua-com-drogas-tatudodominado-e1732271148178.jpg 995w, https:\/\/mspontocom.com.br\/site\/wp-content\/uploads\/2024\/11\/site-stf-manda-soltar-15-membros-de-quadrilha-que-atua-com-drogas-tatudodominado-e1732271148178-260x135.jpg 260w, https:\/\/mspontocom.com.br\/site\/wp-content\/uploads\/2024\/11\/site-stf-manda-soltar-15-membros-de-quadrilha-que-atua-com-drogas-tatudodominado-e1732271148178-768x398.jpg 768w\" sizes=\"(max-width: 995px) 100vw, 995px\" \/>O <strong>mspontocom<\/strong> pergunta o que \u00e9 realmente o t\u00e3o propalado <strong>Estado de Democracia de Direito?<\/strong><\/p>\n<p style=\"text-align: justify;\">Em 17 de mar\u00e7o de 2023 o STF formou maioria para tornar r\u00e9 e prender D\u00e9bora Rodrigues dos Santos, acusada de escrever a frase <strong>&#8220;Perdeu, man\u00e9&#8221;<\/strong> na est\u00e1tua da Justi\u00e7a durante os atos de 8 de janeiro de 2023, em Bras\u00edlia.<\/p>\n<p style=\"text-align: justify;\">Agora, o ministro <strong>Edson Fachin<\/strong>, do <b>mesmo STF<\/b>\u00a0mandou soltar 15 membros de uma quadrilha que atua em bairros de Campinas (SP).<\/p>\n<p style=\"text-align: justify;\">Os criminosos usavam galerias de \u00e1guas pluviais para comercializar drogas.<\/p>\n<p style=\"text-align: justify;\">Todos foram condenados pela Justi\u00e7a.<\/p>\n<p style=\"text-align: justify;\">Entre os contemplados pelo\u00a0<em>HC<\/em>, est\u00e3o criminosos apontados pelo MP-SP como respons\u00e1veis por pontos de tr\u00e1fico na metr\u00f3pole.<\/p>\n<p style=\"text-align: justify;\">Conforme a investiga\u00e7\u00e3o, a c\u00e9lula da organiza\u00e7\u00e3o em Campinas era chefiada por Claudemir Antonio Bernardino da Silva sobrinho de Wanderson Nilton de Paula Lima, o Andinho, sequestrador e traficante, que \u00e9 um do<strong>s chefes do PCC.<\/strong><\/p>\n<p style=\"text-align: justify;\">De acordo com a decis\u00e3o de Fachin, os 15 integrantes da quadrilha foram condenados em primeira inst\u00e2ncia a pena correspondente ao regime inicial semiaberto por organiza\u00e7\u00e3o criminosa e associa\u00e7\u00e3o ao tr\u00e1fico.<\/p>\n<p style=\"text-align: justify;\"><strong>Continue ao nosso lado. Veja mais not\u00edcias em<\/strong>: <a href=\"http:\/\/www.mspontocom.com.br\">www.mspontocom.com.br<\/a><\/p>\n<p style=\"text-align: justify;\">Instagram \u00a0e X:\u00a0 @mspontocom<\/p>\n","protected":false},"excerpt":{"rendered":"<p>O mspontocom pergunta o que \u00e9 realmente o t\u00e3o propalado Estado de Democracia de Direito? Em 17 de mar\u00e7o de 2023 o STF formou maioria para tornar r\u00e9 e prender D\u00e9bora Rodrigues dos Santos, acusada de escrever a frase &#8220;Perdeu, man\u00e9&#8221; na est\u00e1tua da Justi\u00e7a durante os atos de 8 de janeiro de 2023, em [&hellip;]<\/p>\n","protected":false},"author":2,"featured_media":195564,"comment_status":"open","ping_status":"open","sticky":false,"template":"","format":"standard","meta":{"_monsterinsights_skip_tracking":false,"_monsterinsights_sitenote_active":false,"_monsterinsights_sitenote_note":"","_monsterinsights_sitenote_category":0},"categories":[6,30260,2528,30259,12],"tags":[42232,3014,1408],"_links":{"self":[{"href":"https:\/\/mspontocom.com.br\/site\/wp-json\/wp\/v2\/posts\/195554"}],"collection":[{"href":"https:\/\/mspontocom.com.br\/site\/wp-json\/wp\/v2\/posts"}],"about":[{"href":"https:\/\/mspontocom.com.br\/site\/wp-json\/wp\/v2\/types\/post"}],"author":[{"embeddable":true,"href":"https:\/\/mspontocom.com.br\/site\/wp-json\/wp\/v2\/users\/2"}],"replies":[{"embeddable":true,"href":"https:\/\/mspontocom.com.br\/site\/wp-json\/wp\/v2\/comments?post=195554"}],"version-history":[{"count":2,"href":"https:\/\/mspontocom.com.br\/site\/wp-json\/wp\/v2\/posts\/195554\/revisions"}],"predecessor-version":[{"id":195565,"href":"https:\/\/mspontocom.com.br\/site\/wp-json\/wp\/v2\/posts\/195554\/revisions\/195565"}],"wp:featuredmedia":[{"embeddable":true,"href":"https:\/\/mspontocom.com.br\/site\/wp-json\/wp\/v2\/media\/195564"}],"wp:attachment":[{"href":"https:\/\/mspontocom.com.br\/site\/wp-json\/wp\/v2\/media?parent=195554"}],"wp:term":[{"taxonomy":"category","embeddable":true,"href":"https:\/\/mspontocom.com.br\/site\/wp-json\/wp\/v2\/categories?post=195554"},{"taxonomy":"post_tag","embeddable":true,"href":"https:\/\/mspontocom.com.br\/site\/wp-json\/wp\/v2\/tags?post=195554"}],"curies":[{"name":"wp","href":"https:\/\/api.w.org\/{rel}","templated":true}]}}