{"id":195558,"date":"2024-11-22T06:04:32","date_gmt":"2024-11-22T10:04:32","guid":{"rendered":"https:\/\/mspontocom.com.br\/site\/?p=195558"},"modified":"2024-11-22T06:04:32","modified_gmt":"2024-11-22T10:04:32","slug":"bolsonaro-diz-que-moraes-ajusta-depoimentos-com-pesca-probatoria","status":"publish","type":"post","link":"https:\/\/mspontocom.com.br\/site\/bolsonaro-diz-que-moraes-ajusta-depoimentos-com-pesca-probatoria\/","title":{"rendered":"Bolsonaro diz que Moraes ajusta depoimentos com &#8220;pesca&#8221; probat\u00f3ria"},"content":{"rendered":"<p style=\"text-align: justify;\"><img loading=\"lazy\" class=\"alignnone size-full wp-image-195560\" src=\"https:\/\/mspontocom.com.br\/site\/wp-content\/uploads\/2024\/11\/site-bolsonaro-diz-que-moraes-ajusta-depoimentos-com-faz-pesca-probatoria-bolsonaro-alexandre-moraes.jpeg\" alt=\"\" width=\"1260\" height=\"680\" srcset=\"https:\/\/mspontocom.com.br\/site\/wp-content\/uploads\/2024\/11\/site-bolsonaro-diz-que-moraes-ajusta-depoimentos-com-faz-pesca-probatoria-bolsonaro-alexandre-moraes.jpeg 1260w, https:\/\/mspontocom.com.br\/site\/wp-content\/uploads\/2024\/11\/site-bolsonaro-diz-que-moraes-ajusta-depoimentos-com-faz-pesca-probatoria-bolsonaro-alexandre-moraes-260x140.jpeg 260w, https:\/\/mspontocom.com.br\/site\/wp-content\/uploads\/2024\/11\/site-bolsonaro-diz-que-moraes-ajusta-depoimentos-com-faz-pesca-probatoria-bolsonaro-alexandre-moraes-1024x553.jpeg 1024w, https:\/\/mspontocom.com.br\/site\/wp-content\/uploads\/2024\/11\/site-bolsonaro-diz-que-moraes-ajusta-depoimentos-com-faz-pesca-probatoria-bolsonaro-alexandre-moraes-768x414.jpeg 768w\" sizes=\"(max-width: 1260px) 100vw, 1260px\" \/>O ex-presidente <strong>Jair Bolsonaro<\/strong> se manifestou ap\u00f3s ser indiciado pela Pol\u00edcia Federal por supostamente ter participa\u00e7\u00e3o em um plano de golpe de Estado.<\/p>\n<p style=\"text-align: justify;\"><span style=\"font-size: 18pt;\"><em>\u201cO ministro Alexandre de Moraes conduz todo o inqu\u00e9rito, ajusta depoimentos, prende sem den\u00fancia, faz pesca probat\u00f3ria e tem uma assessoria bastante criativa. Faz tudo o que n\u00e3o diz a lei\u201d,<\/em> <\/span>criticou Bolsonaro.<\/p>\n<p style=\"text-align: justify;\">Bolsonaro declarou ainda que vai esperar o processo ir para a Procuradoria-Geral da Rep\u00fablica, onde, segundo o ex-presidente, \u00e9 onde \u201ccome\u00e7a a luta\u201d.<\/p>\n<p style=\"text-align: justify;\"><em>\u201cN\u00e3o posso esperar nada de uma equipe que usa a criatividade para me denunciar\u201d<\/em>, finalizou o ex-presidente.<\/p>\n<p style=\"text-align: justify;\"><em><strong>Continue ao nosso lado. Veja mais not\u00edcias em<\/strong><\/em>: <a href=\"http:\/\/www.mspontocom.com.br\">www.mspontocom.com.br<\/a><\/p>\n<p style=\"text-align: justify;\">Instagram \u00a0e X:\u00a0 @mspontocom<\/p>\n","protected":false},"excerpt":{"rendered":"<p>O ex-presidente Jair Bolsonaro se manifestou ap\u00f3s ser indiciado pela Pol\u00edcia Federal por supostamente ter participa\u00e7\u00e3o em um plano de golpe de Estado. \u201cO ministro Alexandre de Moraes conduz todo o inqu\u00e9rito, ajusta depoimentos, prende sem den\u00fancia, faz pesca probat\u00f3ria e tem uma assessoria bastante criativa. Faz tudo o que n\u00e3o diz a lei\u201d, criticou [&hellip;]<\/p>\n","protected":false},"author":2,"featured_media":195560,"comment_status":"open","ping_status":"open","sticky":false,"template":"","format":"standard","meta":{"_monsterinsights_skip_tracking":false,"_monsterinsights_sitenote_active":false,"_monsterinsights_sitenote_note":"","_monsterinsights_sitenote_category":0},"categories":[6,30260,30259,12],"tags":[42228,21017,35247,112,42229],"aioseo_notices":[],"_links":{"self":[{"href":"https:\/\/mspontocom.com.br\/site\/wp-json\/wp\/v2\/posts\/195558"}],"collection":[{"href":"https:\/\/mspontocom.com.br\/site\/wp-json\/wp\/v2\/posts"}],"about":[{"href":"https:\/\/mspontocom.com.br\/site\/wp-json\/wp\/v2\/types\/post"}],"author":[{"embeddable":true,"href":"https:\/\/mspontocom.com.br\/site\/wp-json\/wp\/v2\/users\/2"}],"replies":[{"embeddable":true,"href":"https:\/\/mspontocom.com.br\/site\/wp-json\/wp\/v2\/comments?post=195558"}],"version-history":[{"count":2,"href":"https:\/\/mspontocom.com.br\/site\/wp-json\/wp\/v2\/posts\/195558\/revisions"}],"predecessor-version":[{"id":195561,"href":"https:\/\/mspontocom.com.br\/site\/wp-json\/wp\/v2\/posts\/195558\/revisions\/195561"}],"wp:featuredmedia":[{"embeddable":true,"href":"https:\/\/mspontocom.com.br\/site\/wp-json\/wp\/v2\/media\/195560"}],"wp:attachment":[{"href":"https:\/\/mspontocom.com.br\/site\/wp-json\/wp\/v2\/media?parent=195558"}],"wp:term":[{"taxonomy":"category","embeddable":true,"href":"https:\/\/mspontocom.com.br\/site\/wp-json\/wp\/v2\/categories?post=195558"},{"taxonomy":"post_tag","embeddable":true,"href":"https:\/\/mspontocom.com.br\/site\/wp-json\/wp\/v2\/tags?post=195558"}],"curies":[{"name":"wp","href":"https:\/\/api.w.org\/{rel}","templated":true}]}}