{"id":195614,"date":"2024-11-24T07:45:21","date_gmt":"2024-11-24T11:45:21","guid":{"rendered":"https:\/\/mspontocom.com.br\/site\/?p=195614"},"modified":"2024-11-24T07:45:21","modified_gmt":"2024-11-24T11:45:21","slug":"moro-defende-bolsonaro-opiniao-publica-nao-pode-ser-pautada-por-informacoes-isoladas","status":"publish","type":"post","link":"https:\/\/mspontocom.com.br\/site\/moro-defende-bolsonaro-opiniao-publica-nao-pode-ser-pautada-por-informacoes-isoladas\/","title":{"rendered":"Moro defende Bolsonaro: Opini\u00e3o p\u00fablica n\u00e3o pode ser pautada por informa\u00e7\u00f5es isoladas"},"content":{"rendered":"<p style=\"text-align: justify;\"><img loading=\"lazy\" class=\"alignnone size-full wp-image-195616\" src=\"https:\/\/mspontocom.com.br\/site\/wp-content\/uploads\/2024\/11\/site-moro-defende-bolsonaro-opiniao-publica-nao-pode-ser-pautada-por-informacoes-isoladas-bolsomoro1.jpg\" alt=\"\" width=\"562\" height=\"319\" srcset=\"https:\/\/mspontocom.com.br\/site\/wp-content\/uploads\/2024\/11\/site-moro-defende-bolsonaro-opiniao-publica-nao-pode-ser-pautada-por-informacoes-isoladas-bolsomoro1.jpg 562w, https:\/\/mspontocom.com.br\/site\/wp-content\/uploads\/2024\/11\/site-moro-defende-bolsonaro-opiniao-publica-nao-pode-ser-pautada-por-informacoes-isoladas-bolsomoro1-260x148.jpg 260w\" sizes=\"(max-width: 562px) 100vw, 562px\" \/><\/p>\n<p style=\"text-align: justify;\">O ex-juiz da Opera\u00e7\u00e3o Lava Jato e senador\u00a0<a href=\"https:\/\/www.metropoles.com\/tag\/sergio-moro\">Sergio Moro<\/a>\u00a0 disse que \u201c\u00e9 invi\u00e1vel qualquer ju\u00edzo de valor\u201d sobre os <a href=\"https:\/\/www.metropoles.com\/brasil\/inquerito-do-golpe-de-estado-pf-indicia-bolsonaro-e-mais-36-pessoas\">37 nomes indiciados pela Pol\u00edcia Federal (PF)<\/a>, incluindo o ex-presidente\u00a0<a href=\"https:\/\/www.metropoles.com\/brasil\/jair-bolsonaro\">Jair Bolsonaro<\/a>\u00a0(PL), por suposta tentativa de golpe depois das elei\u00e7\u00f5es de 2022.<\/p>\n<p style=\"text-align: justify;\">De acordo com o parlamentar, s\u00f3 poder\u00e1 ser formada uma opini\u00e3o depois do relat\u00f3rio da P<span style=\"font-size: 14pt;\"><em>F se tornar p\u00fablico.<\/em><\/span><\/p>\n<p style=\"text-align: justify;\"><span style=\"font-size: 14pt;\"><em>\u201cSem que o relat\u00f3rio do inqu\u00e9rito seja tornado p\u00fablico \u00e9 invi\u00e1vel qualquer ju\u00edzo de valor. <strong>A opini\u00e3o p\u00fablica n\u00e3o pode ser pautada pela informa\u00e7\u00e3o isolada sobre o indiciamento\u201d,<\/strong><\/em><\/span> publicou o senador na\u00a0<a href=\"https:\/\/x.com\/SF_Moro\/status\/1860304892700577932\">rede social X<\/a>.<\/p>\n<p style=\"text-align: justify;\"><em><strong>Continue ao nosso lado. Veja mais not\u00edcias em:<\/strong><\/em> <a href=\"http:\/\/www.mspontocom.com.br\">www.mspontocom.com.br<\/a><\/p>\n<p style=\"text-align: justify;\">Instagram \u00a0e X:\u00a0 @mspontocom<\/p>\n","protected":false},"excerpt":{"rendered":"<p>O ex-juiz da Opera\u00e7\u00e3o Lava Jato e senador\u00a0Sergio Moro\u00a0 disse que \u201c\u00e9 invi\u00e1vel qualquer ju\u00edzo de valor\u201d sobre os 37 nomes indiciados pela Pol\u00edcia Federal (PF), incluindo o ex-presidente\u00a0Jair Bolsonaro\u00a0(PL), por suposta tentativa de golpe depois das elei\u00e7\u00f5es de 2022. De acordo com o parlamentar, s\u00f3 poder\u00e1 ser formada uma opini\u00e3o depois do relat\u00f3rio da [&hellip;]<\/p>\n","protected":false},"author":2,"featured_media":195616,"comment_status":"open","ping_status":"open","sticky":false,"template":"","format":"standard","meta":{"_monsterinsights_skip_tracking":false,"_monsterinsights_sitenote_active":false,"_monsterinsights_sitenote_note":"","_monsterinsights_sitenote_category":0},"categories":[6,30260,30259,12],"tags":[21017,24612,42247,42245,23158,42244,42246],"aioseo_notices":[],"_links":{"self":[{"href":"https:\/\/mspontocom.com.br\/site\/wp-json\/wp\/v2\/posts\/195614"}],"collection":[{"href":"https:\/\/mspontocom.com.br\/site\/wp-json\/wp\/v2\/posts"}],"about":[{"href":"https:\/\/mspontocom.com.br\/site\/wp-json\/wp\/v2\/types\/post"}],"author":[{"embeddable":true,"href":"https:\/\/mspontocom.com.br\/site\/wp-json\/wp\/v2\/users\/2"}],"replies":[{"embeddable":true,"href":"https:\/\/mspontocom.com.br\/site\/wp-json\/wp\/v2\/comments?post=195614"}],"version-history":[{"count":1,"href":"https:\/\/mspontocom.com.br\/site\/wp-json\/wp\/v2\/posts\/195614\/revisions"}],"predecessor-version":[{"id":195617,"href":"https:\/\/mspontocom.com.br\/site\/wp-json\/wp\/v2\/posts\/195614\/revisions\/195617"}],"wp:featuredmedia":[{"embeddable":true,"href":"https:\/\/mspontocom.com.br\/site\/wp-json\/wp\/v2\/media\/195616"}],"wp:attachment":[{"href":"https:\/\/mspontocom.com.br\/site\/wp-json\/wp\/v2\/media?parent=195614"}],"wp:term":[{"taxonomy":"category","embeddable":true,"href":"https:\/\/mspontocom.com.br\/site\/wp-json\/wp\/v2\/categories?post=195614"},{"taxonomy":"post_tag","embeddable":true,"href":"https:\/\/mspontocom.com.br\/site\/wp-json\/wp\/v2\/tags?post=195614"}],"curies":[{"name":"wp","href":"https:\/\/api.w.org\/{rel}","templated":true}]}}