{"id":195624,"date":"2024-11-25T05:53:07","date_gmt":"2024-11-25T09:53:07","guid":{"rendered":"https:\/\/mspontocom.com.br\/site\/?p=195624"},"modified":"2024-11-25T05:53:07","modified_gmt":"2024-11-25T09:53:07","slug":"bolsonaro-usa-redes-para-exibir-apoio-popular-e-criticar-moraes","status":"publish","type":"post","link":"https:\/\/mspontocom.com.br\/site\/bolsonaro-usa-redes-para-exibir-apoio-popular-e-criticar-moraes\/","title":{"rendered":"Bolsonaro usa redes para exibir apoio popular e cr\u00edticar Moraes"},"content":{"rendered":"<p style=\"text-align: justify;\"><img loading=\"lazy\" class=\"alignnone size-full wp-image-195630\" src=\"https:\/\/mspontocom.com.br\/site\/wp-content\/uploads\/2024\/11\/site-bolsonaro-usa-redes-para-exibir-apoio-popular-e-criticas-a-moraes-alebolso.jpg\" alt=\"\" width=\"1260\" height=\"680\" srcset=\"https:\/\/mspontocom.com.br\/site\/wp-content\/uploads\/2024\/11\/site-bolsonaro-usa-redes-para-exibir-apoio-popular-e-criticas-a-moraes-alebolso.jpg 1260w, https:\/\/mspontocom.com.br\/site\/wp-content\/uploads\/2024\/11\/site-bolsonaro-usa-redes-para-exibir-apoio-popular-e-criticas-a-moraes-alebolso-260x140.jpg 260w, https:\/\/mspontocom.com.br\/site\/wp-content\/uploads\/2024\/11\/site-bolsonaro-usa-redes-para-exibir-apoio-popular-e-criticas-a-moraes-alebolso-1024x553.jpg 1024w, https:\/\/mspontocom.com.br\/site\/wp-content\/uploads\/2024\/11\/site-bolsonaro-usa-redes-para-exibir-apoio-popular-e-criticas-a-moraes-alebolso-768x414.jpg 768w\" sizes=\"(max-width: 1260px) 100vw, 1260px\" \/>O ex-presidente <a href=\"https:\/\/www.estadao.com.br\/tudo-sobre\/jair-bolsonaro\/?srsltid=AfmBOoqvJiad1dBfFWfKu5C_4JRRQGA3u9bSX1tVBtadkS4FEAlZQGgT\" target=\"_blank\" rel=\"noopener\">Jair Bolsonaro<\/a>\u00a0(PL) tem usado os dias na praia em Alagoas para reagir \u00e0 sua maneira.<\/p>\n<p style=\"text-align: justify;\">Bolsonaro passou a reexibir apoio popular nas ruas, in\u00fameros pedidos por selfies\u00a0 e reiteradas cr\u00edticas ao ministro <a href=\"https:\/\/www.estadao.com.br\/tudo-sobre\/alexandre-de-moraes\" target=\"_blank\" rel=\"noopener\">Alexandre de Moraes<\/a>, do\u00a0<a href=\"https:\/\/www.estadao.com.br\/tudo-sobre\/stf-supremo-tribunal-federal\/\" target=\"_blank\" rel=\"noopener\">Supremo Tribunal Federal (STF)<\/a>.<\/p>\n<p style=\"text-align: justify;\">A publica\u00e7\u00e3o mais recente nas redes do ex-presidente \u00e9 um v\u00eddeo com trilha sonora e bordas de cora\u00e7\u00e3o na qual ele \u00e9 cortejado por crian\u00e7as e adultos em S\u00e3o Miguel dos Milagres, no litoral alagoano.<\/p>\n<p style=\"text-align: justify;\">Bolsonaro aproveitou para criticar<strong> Moraes<\/strong> e a investiga\u00e7\u00e3o que indiciou ele e mais 36 pessoas por crimes como <strong>suposta<\/strong> tentativa de golpe de Estado<\/p>\n<p style=\"text-align: justify;\"><em><span style=\"font-size: 14pt;\">\u201c\u00c9 um absurdo essa hist\u00f3ria do golpe. Golpe com um general da reserva e quatro oficiais? Pelo amor de Deus. Quem estava coordenando isso? Cad\u00ea a tropa? Cad\u00ea as For\u00e7as Armadas? N\u00e3o fique botando chifre em cabe\u00e7a de cavalo\u201d<\/span><\/em>, afirmou.<\/p>\n<p style=\"text-align: justify;\">Para o pol\u00edtico, as pris\u00f5es decretadas por Alexandre de Moraes s\u00e3o injustas.<\/p>\n<p style=\"text-align: justify;\"><span style=\"font-size: 14pt;\"><em>\u201cAlexandre de Moraes fala o tempo todo que a direita n\u00e3o pode continuar crescendo. Ele persegue a direita o tempo todo\u201d,<\/em> <em>\u201cN\u00e3o acredito nessa historinha de golpe&#8221;<\/em>\u00a0 <\/span>afirmou em entrevista \u00e0 Maragogi FM.<\/p>\n<p style=\"text-align: justify;\">\n<p><em><strong>Continue ao nosso lado. Veja mais not\u00edcias em<\/strong><\/em>: <a href=\"http:\/\/www.mspontocom.com.br\">www.mspontocom.com.br<\/a><\/p>\n<p>Instagram \u00a0e X:\u00a0 @mspontocom<\/p>\n","protected":false},"excerpt":{"rendered":"<p>O ex-presidente Jair Bolsonaro\u00a0(PL) tem usado os dias na praia em Alagoas para reagir \u00e0 sua maneira. Bolsonaro passou a reexibir apoio popular nas ruas, in\u00fameros pedidos por selfies\u00a0 e reiteradas cr\u00edticas ao ministro Alexandre de Moraes, do\u00a0Supremo Tribunal Federal (STF). A publica\u00e7\u00e3o mais recente nas redes do ex-presidente \u00e9 um v\u00eddeo com trilha sonora [&hellip;]<\/p>\n","protected":false},"author":2,"featured_media":195630,"comment_status":"open","ping_status":"open","sticky":false,"template":"","format":"standard","meta":{"_monsterinsights_skip_tracking":false,"_monsterinsights_sitenote_active":false,"_monsterinsights_sitenote_note":"","_monsterinsights_sitenote_category":0},"categories":[6,30260,30259,12],"tags":[3546,21017,37287,35247,21910,2443],"aioseo_notices":[],"_links":{"self":[{"href":"https:\/\/mspontocom.com.br\/site\/wp-json\/wp\/v2\/posts\/195624"}],"collection":[{"href":"https:\/\/mspontocom.com.br\/site\/wp-json\/wp\/v2\/posts"}],"about":[{"href":"https:\/\/mspontocom.com.br\/site\/wp-json\/wp\/v2\/types\/post"}],"author":[{"embeddable":true,"href":"https:\/\/mspontocom.com.br\/site\/wp-json\/wp\/v2\/users\/2"}],"replies":[{"embeddable":true,"href":"https:\/\/mspontocom.com.br\/site\/wp-json\/wp\/v2\/comments?post=195624"}],"version-history":[{"count":2,"href":"https:\/\/mspontocom.com.br\/site\/wp-json\/wp\/v2\/posts\/195624\/revisions"}],"predecessor-version":[{"id":195631,"href":"https:\/\/mspontocom.com.br\/site\/wp-json\/wp\/v2\/posts\/195624\/revisions\/195631"}],"wp:featuredmedia":[{"embeddable":true,"href":"https:\/\/mspontocom.com.br\/site\/wp-json\/wp\/v2\/media\/195630"}],"wp:attachment":[{"href":"https:\/\/mspontocom.com.br\/site\/wp-json\/wp\/v2\/media?parent=195624"}],"wp:term":[{"taxonomy":"category","embeddable":true,"href":"https:\/\/mspontocom.com.br\/site\/wp-json\/wp\/v2\/categories?post=195624"},{"taxonomy":"post_tag","embeddable":true,"href":"https:\/\/mspontocom.com.br\/site\/wp-json\/wp\/v2\/tags?post=195624"}],"curies":[{"name":"wp","href":"https:\/\/api.w.org\/{rel}","templated":true}]}}