{"id":195655,"date":"2024-11-26T06:54:21","date_gmt":"2024-11-26T10:54:21","guid":{"rendered":"https:\/\/mspontocom.com.br\/site\/?p=195655"},"modified":"2024-11-26T06:54:21","modified_gmt":"2024-11-26T10:54:21","slug":"governo-lula-enrola-e-reduz-deficit-com-mais-imposto","status":"publish","type":"post","link":"https:\/\/mspontocom.com.br\/site\/governo-lula-enrola-e-reduz-deficit-com-mais-imposto\/","title":{"rendered":"Governo Lula enrola e \u2018reduz\u2019 d\u00e9ficit com mais imposto"},"content":{"rendered":"<p style=\"text-align: justify;\"><img loading=\"lazy\" class=\"alignnone size-full wp-image-195667\" src=\"https:\/\/mspontocom.com.br\/site\/wp-content\/uploads\/2024\/11\/site-governo-luenrola-e-reduz-deficit-com-mais-imposto-haddadlula.jpg\" alt=\"\" width=\"768\" height=\"517\" srcset=\"https:\/\/mspontocom.com.br\/site\/wp-content\/uploads\/2024\/11\/site-governo-luenrola-e-reduz-deficit-com-mais-imposto-haddadlula.jpg 768w, https:\/\/mspontocom.com.br\/site\/wp-content\/uploads\/2024\/11\/site-governo-luenrola-e-reduz-deficit-com-mais-imposto-haddadlula-260x175.jpg 260w\" sizes=\"(max-width: 768px) 100vw, 768px\" \/>O ministro Fernando Haddad (Fazenda) deixou a imprensa amiga saber que sua proposta de corte de gastos p\u00fablicos ser\u00e1 sobretudo em torno dos \u201cgastos tribut\u00e1rios\u201d do governo Lula.<\/p>\n<p style=\"text-align: justify;\">Na pr\u00e1tica, o tal \u201ccorte\u201d do ministro j\u00e1 conhecido como <strong>\u201cMalddad\u201d<\/strong> ser\u00e1 outra forma de o petista cobrar ainda mais impostos.<\/p>\n<div id=\"Nota-7\" class=\"entry-block ch-nota Nota-7\" style=\"text-align: justify;\">\n<h3>Olho grande<\/h3>\n<\/div>\n<p style=\"text-align: justify;\">Os tais \u201cgastos tribut\u00e1rios\u201d representam mais de R$150 bilh\u00f5es segundo estimativas avaliadas no Minist\u00e9rio da Fazenda.<\/p>\n<div id=\"Nota-8\" class=\"entry-block ch-nota Nota-8\" style=\"text-align: justify;\">\n<h3>Acredite vendo<\/h3>\n<\/div>\n<p style=\"text-align: justify;\">Haddad diz, h\u00e1 semanas, que vai revisar benef\u00edcios de militares, do Congresso, supersal\u00e1rios e tamb\u00e9m contas da Previd\u00eancia.<\/p>\n<div id=\"Nota-9\" class=\"entry-block ch-nota Nota-9\" style=\"text-align: justify;\">\n<h3>Prorroga\u00e7\u00e3o suspeita<\/h3>\n<\/div>\n<p style=\"text-align: justify;\">Apesar das manchetes e inten\u00e7\u00f5es anunciadas, o plano oficial de cortes de Haddad foi adiado duas vezes e ainda n\u00e3o foi apresentado.<\/p>\n<p style=\"text-align: justify;\">fonte: Coluna Claudio Humberto, Di\u00e1rio do Poder.<\/p>\n<p style=\"text-align: justify;\"><em><strong>Continue ao nosso lado. Veja mais not\u00edcias em:<\/strong> <\/em><a href=\"http:\/\/www.mspontocom.com.br\">www.mspontocom.com.br<\/a><\/p>\n<p style=\"text-align: justify;\">Instagram \u00a0e X:\u00a0 @mspontocom<\/p>\n","protected":false},"excerpt":{"rendered":"<p>O ministro Fernando Haddad (Fazenda) deixou a imprensa amiga saber que sua proposta de corte de gastos p\u00fablicos ser\u00e1 sobretudo em torno dos \u201cgastos tribut\u00e1rios\u201d do governo Lula. Na pr\u00e1tica, o tal \u201ccorte\u201d do ministro j\u00e1 conhecido como \u201cMalddad\u201d ser\u00e1 outra forma de o petista cobrar ainda mais impostos. Olho grande Os tais \u201cgastos tribut\u00e1rios\u201d [&hellip;]<\/p>\n","protected":false},"author":2,"featured_media":195667,"comment_status":"open","ping_status":"open","sticky":false,"template":"","format":"standard","meta":{"_monsterinsights_skip_tracking":false,"_monsterinsights_sitenote_active":false,"_monsterinsights_sitenote_note":"","_monsterinsights_sitenote_category":0},"categories":[6,30260,15,30259,12],"tags":[29068,39349,78,515,480,25799,24520],"aioseo_notices":[],"_links":{"self":[{"href":"https:\/\/mspontocom.com.br\/site\/wp-json\/wp\/v2\/posts\/195655"}],"collection":[{"href":"https:\/\/mspontocom.com.br\/site\/wp-json\/wp\/v2\/posts"}],"about":[{"href":"https:\/\/mspontocom.com.br\/site\/wp-json\/wp\/v2\/types\/post"}],"author":[{"embeddable":true,"href":"https:\/\/mspontocom.com.br\/site\/wp-json\/wp\/v2\/users\/2"}],"replies":[{"embeddable":true,"href":"https:\/\/mspontocom.com.br\/site\/wp-json\/wp\/v2\/comments?post=195655"}],"version-history":[{"count":2,"href":"https:\/\/mspontocom.com.br\/site\/wp-json\/wp\/v2\/posts\/195655\/revisions"}],"predecessor-version":[{"id":195668,"href":"https:\/\/mspontocom.com.br\/site\/wp-json\/wp\/v2\/posts\/195655\/revisions\/195668"}],"wp:featuredmedia":[{"embeddable":true,"href":"https:\/\/mspontocom.com.br\/site\/wp-json\/wp\/v2\/media\/195667"}],"wp:attachment":[{"href":"https:\/\/mspontocom.com.br\/site\/wp-json\/wp\/v2\/media?parent=195655"}],"wp:term":[{"taxonomy":"category","embeddable":true,"href":"https:\/\/mspontocom.com.br\/site\/wp-json\/wp\/v2\/categories?post=195655"},{"taxonomy":"post_tag","embeddable":true,"href":"https:\/\/mspontocom.com.br\/site\/wp-json\/wp\/v2\/tags?post=195655"}],"curies":[{"name":"wp","href":"https:\/\/api.w.org\/{rel}","templated":true}]}}