{"id":195657,"date":"2024-11-26T06:47:18","date_gmt":"2024-11-26T10:47:18","guid":{"rendered":"https:\/\/mspontocom.com.br\/site\/?p=195657"},"modified":"2024-11-26T06:47:18","modified_gmt":"2024-11-26T10:47:18","slug":"maioria-dos-reus-do-8-de-janeiro-e-inocente-afirma-advogado","status":"publish","type":"post","link":"https:\/\/mspontocom.com.br\/site\/maioria-dos-reus-do-8-de-janeiro-e-inocente-afirma-advogado\/","title":{"rendered":"Maioria dos r\u00e9us do 8 de janeiro \u00e9 inocente, afirma advogado"},"content":{"rendered":"<p style=\"text-align: justify;\"><img loading=\"lazy\" class=\"alignnone size-full wp-image-195665\" src=\"https:\/\/mspontocom.com.br\/site\/wp-content\/uploads\/2024\/11\/site-maioria-dos-reus-do-8-de-janeiro-e-inocente-afirma-advogado-ale1.jpeg\" alt=\"\" width=\"1300\" height=\"780\" srcset=\"https:\/\/mspontocom.com.br\/site\/wp-content\/uploads\/2024\/11\/site-maioria-dos-reus-do-8-de-janeiro-e-inocente-afirma-advogado-ale1.jpeg 1300w, https:\/\/mspontocom.com.br\/site\/wp-content\/uploads\/2024\/11\/site-maioria-dos-reus-do-8-de-janeiro-e-inocente-afirma-advogado-ale1-260x156.jpeg 260w, https:\/\/mspontocom.com.br\/site\/wp-content\/uploads\/2024\/11\/site-maioria-dos-reus-do-8-de-janeiro-e-inocente-afirma-advogado-ale1-1024x614.jpeg 1024w, https:\/\/mspontocom.com.br\/site\/wp-content\/uploads\/2024\/11\/site-maioria-dos-reus-do-8-de-janeiro-e-inocente-afirma-advogado-ale1-768x461.jpeg 768w\" sizes=\"(max-width: 1300px) 100vw, 1300px\" \/>O advogado Ezequiel Silveira, da\u00a0<strong><a href=\"https:\/\/www.instagram.com\/asfavfamilias\/\" target=\"_blank\" rel=\"noreferrer noopener\">Associa\u00e7\u00e3o dos Familiares e V\u00edtimas do 8 de Janeiro<\/a><\/strong>\u00a0(Asfav), disse que a maioria dos r\u00e9us do 8 de janeiro \u00e9 inocente.<\/p>\n<p><strong>O caso foi investigado e julgado por Alexandre de Moraes, do Supremo (?)<\/strong><\/p>\n<p style=\"text-align: justify;\">\u201cHouve quem depredou\u201d, afirmou Silveira.<\/p>\n<p style=\"text-align: justify;\"><span style=\"font-size: 14pt;\"><em>\u201cEsses foram identificados e punidos de acordo com as suas a\u00e7\u00f5es. Mas o que aconteceu foi um verdadeiro julgamento coletivo, em que a maioria das pessoas \u00e9 absolutamente inocente, n\u00e3o cometeu crime algum e est\u00e1 sendo julgada em lotes, em blocos, como animais pelo Estado brasileiro. N\u00e3o podemos permitir que isso continue acontecendo.\u201d<\/em><\/span><\/p>\n<p style=\"text-align: justify;\">Silveira atua nos casos dos investigados pelas manifesta\u00e7\u00f5es de 8 janeiro de 2023, na Pra\u00e7a dos Tr\u00eas Poderes, em Bras\u00edlia.<\/p>\n<p style=\"text-align: justify;\"><em><strong>Continue ao nosso lado. Veja mais not\u00edcias em<\/strong><\/em>: <a href=\"http:\/\/www.mspontocom.com.br\">www.mspontocom.com.br<\/a><\/p>\n<p style=\"text-align: justify;\">Instagram \u00a0e X:\u00a0 @mspontocom<\/p>\n","protected":false},"excerpt":{"rendered":"<p>O advogado Ezequiel Silveira, da\u00a0Associa\u00e7\u00e3o dos Familiares e V\u00edtimas do 8 de Janeiro\u00a0(Asfav), disse que a maioria dos r\u00e9us do 8 de janeiro \u00e9 inocente. O caso foi investigado e julgado por Alexandre de Moraes, do Supremo (?) \u201cHouve quem depredou\u201d, afirmou Silveira. \u201cEsses foram identificados e punidos de acordo com as suas a\u00e7\u00f5es. Mas [&hellip;]<\/p>\n","protected":false},"author":2,"featured_media":195665,"comment_status":"open","ping_status":"open","sticky":false,"template":"","format":"standard","meta":{"_monsterinsights_skip_tracking":false,"_monsterinsights_sitenote_active":false,"_monsterinsights_sitenote_note":"","_monsterinsights_sitenote_category":0},"categories":[6,30260,2528,30259,12],"tags":[39051,874,38513,24584,27489],"aioseo_notices":[],"_links":{"self":[{"href":"https:\/\/mspontocom.com.br\/site\/wp-json\/wp\/v2\/posts\/195657"}],"collection":[{"href":"https:\/\/mspontocom.com.br\/site\/wp-json\/wp\/v2\/posts"}],"about":[{"href":"https:\/\/mspontocom.com.br\/site\/wp-json\/wp\/v2\/types\/post"}],"author":[{"embeddable":true,"href":"https:\/\/mspontocom.com.br\/site\/wp-json\/wp\/v2\/users\/2"}],"replies":[{"embeddable":true,"href":"https:\/\/mspontocom.com.br\/site\/wp-json\/wp\/v2\/comments?post=195657"}],"version-history":[{"count":2,"href":"https:\/\/mspontocom.com.br\/site\/wp-json\/wp\/v2\/posts\/195657\/revisions"}],"predecessor-version":[{"id":195666,"href":"https:\/\/mspontocom.com.br\/site\/wp-json\/wp\/v2\/posts\/195657\/revisions\/195666"}],"wp:featuredmedia":[{"embeddable":true,"href":"https:\/\/mspontocom.com.br\/site\/wp-json\/wp\/v2\/media\/195665"}],"wp:attachment":[{"href":"https:\/\/mspontocom.com.br\/site\/wp-json\/wp\/v2\/media?parent=195657"}],"wp:term":[{"taxonomy":"category","embeddable":true,"href":"https:\/\/mspontocom.com.br\/site\/wp-json\/wp\/v2\/categories?post=195657"},{"taxonomy":"post_tag","embeddable":true,"href":"https:\/\/mspontocom.com.br\/site\/wp-json\/wp\/v2\/tags?post=195657"}],"curies":[{"name":"wp","href":"https:\/\/api.w.org\/{rel}","templated":true}]}}