{"id":195659,"date":"2024-11-26T07:32:31","date_gmt":"2024-11-26T11:32:31","guid":{"rendered":"https:\/\/mspontocom.com.br\/site\/?p=195659"},"modified":"2024-11-26T07:32:31","modified_gmt":"2024-11-26T11:32:31","slug":"globo-nao-mostra-janja-e-lula-inauguram-cascata-no-quintal","status":"publish","type":"post","link":"https:\/\/mspontocom.com.br\/site\/globo-nao-mostra-janja-e-lula-inauguram-cascata-no-quintal\/","title":{"rendered":"Globo n\u00e3o mostra: Janja e Lula inauguram cascata no quintal"},"content":{"rendered":"<div id=\"hd80s9wa1h892edh8192\">\n<p style=\"text-align: justify;\"><img loading=\"lazy\" class=\"alignnone size-full wp-image-195669\" src=\"https:\/\/mspontocom.com.br\/site\/wp-content\/uploads\/2024\/11\/site-globo-nao-mostra-cascata.jpeg\" alt=\"\" width=\"696\" height=\"392\" srcset=\"https:\/\/mspontocom.com.br\/site\/wp-content\/uploads\/2024\/11\/site-globo-nao-mostra-cascata.jpeg 696w, https:\/\/mspontocom.com.br\/site\/wp-content\/uploads\/2024\/11\/site-globo-nao-mostra-cascata-260x146.jpeg 260w\" sizes=\"(max-width: 696px) 100vw, 696px\" \/><\/p>\n<p>Isso, claro, a Globo n\u00e3o mostra.<\/p>\n<p style=\"text-align: justify;\">Em plena crise fiscal e mercado clamando por corte nos gastos p\u00fablicos, a\u00a0primeira-dama\u00a0<strong>Janja da Silva<\/strong>\u00a0 e <strong>Lula<\/strong> publicaram\u00a0 em suas redes sociais, imagens do novo lago e da cascata artificial que agora decoram a Granja do Torto.<\/p>\n<p style=\"text-align: justify;\">Janja divulgou as cenas em seu perfil dentro do Instagram.<\/p>\n<p style=\"text-align: justify;\">Ela mostra primeiramente a paisagem que cerca a gruta.<\/p>\n<p style=\"text-align: justify;\">Depois, posta o presidente Lula da Silva de costas e, em seguida, uma tartaruga sobre uma \u00e1rea gramada.<\/p>\n<h2 class=\"wp-block-heading\" style=\"text-align: justify;\">Janja escreve: \u201cDomingo energizado\u201d<\/h2>\n<p style=\"text-align: justify;\">O local \u00e9 uma esp\u00e9cie de casa de campo presidencial. Ele localiza-se a 17 km do Pal\u00e1cio da Alvorada, em Bras\u00edlia.<\/p>\n<p style=\"text-align: justify;\">Na legenda da mensagem, a primeira-dama escreveu: \u201cDomingo energizado\u201d.<\/p>\n<p style=\"text-align: justify;\">A Casa Civil informou que a reforma se deu em raz\u00e3o de cumprimento a etapas de \u201cmanuten\u00e7\u00e3o corretiva e preventiva de car\u00e1ter cont\u00ednuo da Granja do Torto\u201d.<\/p>\n<figure class=\"wp-block-embed is-type-video is-provider-youtube wp-block-embed-youtube wp-embed-aspect-16-9 wp-has-aspect-ratio\" style=\"text-align: justify;\">\n<div class=\"wp-block-embed__wrapper\"><\/div>\n<\/figure>\n<p><em><strong>Continue ao nosso lado. Veja mais not\u00edcias em<\/strong><\/em>: <a href=\"http:\/\/www.mspontocom.com.br\">www.mspontocom.com.br<\/a><\/p>\n<p>Instagram \u00a0e X:\u00a0 @mspontocom<\/p>\n<p style=\"text-align: justify;\">\n<\/div>\n<p>&nbsp;<\/p>\n","protected":false},"excerpt":{"rendered":"<p>Isso, claro, a Globo n\u00e3o mostra. Em plena crise fiscal e mercado clamando por corte nos gastos p\u00fablicos, a\u00a0primeira-dama\u00a0Janja da Silva\u00a0 e Lula publicaram\u00a0 em suas redes sociais, imagens do novo lago e da cascata artificial que agora decoram a Granja do Torto. Janja divulgou as cenas em seu perfil dentro do Instagram. Ela mostra [&hellip;]<\/p>\n","protected":false},"author":2,"featured_media":195669,"comment_status":"open","ping_status":"open","sticky":false,"template":"","format":"standard","meta":{"_monsterinsights_skip_tracking":false,"_monsterinsights_sitenote_active":false,"_monsterinsights_sitenote_note":"","_monsterinsights_sitenote_category":0},"categories":[6,30260,15,30259,12],"tags":[42254,501,27878,37932,480,42253,42255],"aioseo_notices":[],"_links":{"self":[{"href":"https:\/\/mspontocom.com.br\/site\/wp-json\/wp\/v2\/posts\/195659"}],"collection":[{"href":"https:\/\/mspontocom.com.br\/site\/wp-json\/wp\/v2\/posts"}],"about":[{"href":"https:\/\/mspontocom.com.br\/site\/wp-json\/wp\/v2\/types\/post"}],"author":[{"embeddable":true,"href":"https:\/\/mspontocom.com.br\/site\/wp-json\/wp\/v2\/users\/2"}],"replies":[{"embeddable":true,"href":"https:\/\/mspontocom.com.br\/site\/wp-json\/wp\/v2\/comments?post=195659"}],"version-history":[{"count":2,"href":"https:\/\/mspontocom.com.br\/site\/wp-json\/wp\/v2\/posts\/195659\/revisions"}],"predecessor-version":[{"id":195670,"href":"https:\/\/mspontocom.com.br\/site\/wp-json\/wp\/v2\/posts\/195659\/revisions\/195670"}],"wp:featuredmedia":[{"embeddable":true,"href":"https:\/\/mspontocom.com.br\/site\/wp-json\/wp\/v2\/media\/195669"}],"wp:attachment":[{"href":"https:\/\/mspontocom.com.br\/site\/wp-json\/wp\/v2\/media?parent=195659"}],"wp:term":[{"taxonomy":"category","embeddable":true,"href":"https:\/\/mspontocom.com.br\/site\/wp-json\/wp\/v2\/categories?post=195659"},{"taxonomy":"post_tag","embeddable":true,"href":"https:\/\/mspontocom.com.br\/site\/wp-json\/wp\/v2\/tags?post=195659"}],"curies":[{"name":"wp","href":"https:\/\/api.w.org\/{rel}","templated":true}]}}