{"id":195685,"date":"2024-11-27T06:45:41","date_gmt":"2024-11-27T10:45:41","guid":{"rendered":"https:\/\/mspontocom.com.br\/site\/?p=195685"},"modified":"2024-11-27T06:45:41","modified_gmt":"2024-11-27T10:45:41","slug":"bolsonaro-chama-macron-de-fraco-e-lula-de-omisso-no-agronegocio","status":"publish","type":"post","link":"https:\/\/mspontocom.com.br\/site\/bolsonaro-chama-macron-de-fraco-e-lula-de-omisso-no-agronegocio\/","title":{"rendered":"Bolsonaro chama Macron de \u201cfraco\u201d e Lula de omisso no agroneg\u00f3cio"},"content":{"rendered":"<p style=\"text-align: justify;\"><img loading=\"lazy\" class=\"alignnone size-full wp-image-195693\" src=\"https:\/\/mspontocom.com.br\/site\/wp-content\/uploads\/2024\/11\/site-bolsonaro-chama-macron-de-fraco-e-acusa-lula-de-omissao-no-agronegocio-macron.webp\" alt=\"\" width=\"988\" height=\"696\" srcset=\"https:\/\/mspontocom.com.br\/site\/wp-content\/uploads\/2024\/11\/site-bolsonaro-chama-macron-de-fraco-e-acusa-lula-de-omissao-no-agronegocio-macron.webp 988w, https:\/\/mspontocom.com.br\/site\/wp-content\/uploads\/2024\/11\/site-bolsonaro-chama-macron-de-fraco-e-acusa-lula-de-omissao-no-agronegocio-macron-260x183.webp 260w, https:\/\/mspontocom.com.br\/site\/wp-content\/uploads\/2024\/11\/site-bolsonaro-chama-macron-de-fraco-e-acusa-lula-de-omissao-no-agronegocio-macron-768x541.webp 768w\" sizes=\"(max-width: 988px) 100vw, 988px\" \/>O ex-presidente\u00a0<strong><a class=\"st_tag internal_tag \" title=\"Veja mais postagens sobre Jair Bolsonaro\" href=\"https:\/\/www.folhadestra.com\/tag\/jair-bolsonaro\/\" rel=\"tag\">Jair Bolsonaro<\/a><\/strong>\u00a0utilizou suas redes sociais nesta ter\u00e7a-feira (26) para criticar o presidente franc\u00eas\u00a0<strong>Emmanuel Macron<\/strong>, chamando-o de\u00a0<strong>\u201cfraco e submisso\u201d.<\/strong><\/p>\n<p style=\"text-align: justify;\">Bolsonaro tamb\u00e9m criticou o presidente\u00a0<strong>Luiz In\u00e1cio\u00a0<a class=\"st_tag internal_tag \" title=\"Veja mais postagens sobre Lula\" href=\"https:\/\/www.folhadestra.com\/tag\/lula\/\" rel=\"tag\">Lula<\/a>\u00a0da Silva<\/strong>, acusando-o de ser conivente com Macron e omisso na defesa do agroneg\u00f3cio brasileiro.<\/p>\n<h4 id=\"h-o-brasil-soberano-declara-bolsonaro\" class=\"wp-block-heading\" style=\"text-align: justify;\">\u201cO Brasil \u00e9 SOBERANO\u201d, Declara Bolsonaro<\/h4>\n<p style=\"text-align: justify;\">Reafirmando a postura que adotou durante seu governo, Bolsonaro destacou:<\/p>\n<blockquote class=\"wp-block-quote is-layout-flow wp-block-quote-is-layout-flow\"><p>\u201cO Brasil \u00e9 SOBERANO e n\u00e3o deve se curvar a ningu\u00e9m! No meu governo, respondemos esses ataques \u00e0 altura.\u201d<\/p><\/blockquote>\n<p style=\"text-align: justify;\">A declara\u00e7\u00e3o ocorre em meio a tens\u00f5es comerciais e diplom\u00e1ticas entre Brasil e Fran\u00e7a, agravadas pelas diverg\u00eancias sobre o\u00a0acordo Mercosul-Uni\u00e3o Europeia (UE).<\/p>\n<p style=\"text-align: justify;\">Continue ao nosso lado. Veja mais not\u00edcias em: <a href=\"http:\/\/www.mspontocom.com.br\">www.mspontocom.com.br<\/a><\/p>\n<p style=\"text-align: justify;\">Instagram \u00a0e X:\u00a0 @mspontocom<\/p>\n","protected":false},"excerpt":{"rendered":"<p>O ex-presidente\u00a0Jair Bolsonaro\u00a0utilizou suas redes sociais nesta ter\u00e7a-feira (26) para criticar o presidente franc\u00eas\u00a0Emmanuel Macron, chamando-o de\u00a0\u201cfraco e submisso\u201d. Bolsonaro tamb\u00e9m criticou o presidente\u00a0Luiz In\u00e1cio\u00a0Lula\u00a0da Silva, acusando-o de ser conivente com Macron e omisso na defesa do agroneg\u00f3cio brasileiro. \u201cO Brasil \u00e9 SOBERANO\u201d, Declara Bolsonaro Reafirmando a postura que adotou durante seu governo, Bolsonaro destacou: [&hellip;]<\/p>\n","protected":false},"author":2,"featured_media":195693,"comment_status":"open","ping_status":"open","sticky":false,"template":"","format":"standard","meta":{"_monsterinsights_skip_tracking":false,"_monsterinsights_sitenote_active":false,"_monsterinsights_sitenote_note":"","_monsterinsights_sitenote_category":0},"categories":[6,30260,15,30259,12],"tags":[1005,21017,35683,480,34316,42259],"aioseo_notices":[],"_links":{"self":[{"href":"https:\/\/mspontocom.com.br\/site\/wp-json\/wp\/v2\/posts\/195685"}],"collection":[{"href":"https:\/\/mspontocom.com.br\/site\/wp-json\/wp\/v2\/posts"}],"about":[{"href":"https:\/\/mspontocom.com.br\/site\/wp-json\/wp\/v2\/types\/post"}],"author":[{"embeddable":true,"href":"https:\/\/mspontocom.com.br\/site\/wp-json\/wp\/v2\/users\/2"}],"replies":[{"embeddable":true,"href":"https:\/\/mspontocom.com.br\/site\/wp-json\/wp\/v2\/comments?post=195685"}],"version-history":[{"count":2,"href":"https:\/\/mspontocom.com.br\/site\/wp-json\/wp\/v2\/posts\/195685\/revisions"}],"predecessor-version":[{"id":195694,"href":"https:\/\/mspontocom.com.br\/site\/wp-json\/wp\/v2\/posts\/195685\/revisions\/195694"}],"wp:featuredmedia":[{"embeddable":true,"href":"https:\/\/mspontocom.com.br\/site\/wp-json\/wp\/v2\/media\/195693"}],"wp:attachment":[{"href":"https:\/\/mspontocom.com.br\/site\/wp-json\/wp\/v2\/media?parent=195685"}],"wp:term":[{"taxonomy":"category","embeddable":true,"href":"https:\/\/mspontocom.com.br\/site\/wp-json\/wp\/v2\/categories?post=195685"},{"taxonomy":"post_tag","embeddable":true,"href":"https:\/\/mspontocom.com.br\/site\/wp-json\/wp\/v2\/tags?post=195685"}],"curies":[{"name":"wp","href":"https:\/\/api.w.org\/{rel}","templated":true}]}}