{"id":195711,"date":"2024-11-28T06:55:40","date_gmt":"2024-11-28T10:55:40","guid":{"rendered":"https:\/\/mspontocom.com.br\/site\/?p=195711"},"modified":"2024-11-28T06:55:40","modified_gmt":"2024-11-28T10:55:40","slug":"stf-ataca-bolsonaro-mas-apaga-crimes-confessos-de-corruptos","status":"publish","type":"post","link":"https:\/\/mspontocom.com.br\/site\/stf-ataca-bolsonaro-mas-apaga-crimes-confessos-de-corruptos\/","title":{"rendered":"STF ataca Bolsonaro mas apaga crimes confessos de corruptos"},"content":{"rendered":"<div id=\"hd80s9wa1h892edh8192\">\n<p><strong><img loading=\"lazy\" class=\"alignnone size-full wp-image-195723\" src=\"https:\/\/mspontocom.com.br\/site\/wp-content\/uploads\/2024\/11\/site-stf-criminaliza-bolsonaro-e-apaga-crimes-confessos-de-corruptos-stf2-e1732791161205.jpg\" alt=\"\" width=\"1300\" height=\"897\" srcset=\"https:\/\/mspontocom.com.br\/site\/wp-content\/uploads\/2024\/11\/site-stf-criminaliza-bolsonaro-e-apaga-crimes-confessos-de-corruptos-stf2-e1732791161205.jpg 1300w, https:\/\/mspontocom.com.br\/site\/wp-content\/uploads\/2024\/11\/site-stf-criminaliza-bolsonaro-e-apaga-crimes-confessos-de-corruptos-stf2-e1732791161205-260x179.jpg 260w, https:\/\/mspontocom.com.br\/site\/wp-content\/uploads\/2024\/11\/site-stf-criminaliza-bolsonaro-e-apaga-crimes-confessos-de-corruptos-stf2-e1732791161205-1024x707.jpg 1024w, https:\/\/mspontocom.com.br\/site\/wp-content\/uploads\/2024\/11\/site-stf-criminaliza-bolsonaro-e-apaga-crimes-confessos-de-corruptos-stf2-e1732791161205-768x530.jpg 768w\" sizes=\"(max-width: 1300px) 100vw, 1300px\" \/>(<em>J. R. Guzzo<\/em>, publicado no jornal\u00a0<em>O Estado de S. Paulo<\/em>\u00a0em 27 de novembro de 2024)<\/strong><\/p>\n<p style=\"text-align: justify;\">O jornal\u00a0<em>The New York Times<\/em>, tido como o Alcor\u00e3o da corre\u00e7\u00e3o pol\u00edtica e do avan\u00e7o civilizat\u00f3rio mundiais, acaba de publicar uma reportagem dizendo para o resto do planeta o que os brasileiros j\u00e1 sabem de cor: o STF anula em massa crimes confessos das empresas comprovadamente mais corruptas do Brasil, e devolve a cada uma delas o dinheiro que roubaram. Justo agora, quando o mesmo STF diz que continua salvando o pa\u00eds de um golpe militar devastador? Justo agora.<\/p>\n<p style=\"text-align: justify;\">H\u00e1 duas perguntas a respeito do tema. Primeira: o\u00a0<em>New York Times<\/em>\u00a0\u00e9 um jornal bolsonarista? Segunda: um STF apontado, com base nas senten\u00e7as que assina, como o maior incentivador da corrup\u00e7\u00e3o no mundo pode ser levado a s\u00e9rio em alguma coisa? O artigo 1\u00ba. da Constitui\u00e7\u00e3o Federal brasileira, conforme ela \u00e9 executada hoje pelos ministros, estabelece que qualquer obje\u00e7\u00e3o ao STF tipifica o delito de bolsonarismo qualificado. Mas no caso n\u00e3o \u00e9 assim, obviamente. Como fica?<\/p>\n<p style=\"text-align: justify;\">Nossa \u201csuprema corte\u201d colocou o Brasil numa situa\u00e7\u00e3o in\u00e9dita em toda a sua hist\u00f3ria. S\u00f3 a Odebrecht e a Braskem, s\u00f3 elas, confessaram nos Estados Unidos sua culpa em crimes de corrup\u00e7\u00e3o ativa e aceitaram pagar US$ 3,5 bilh\u00f5es de multa. No Brasil, a mesma Odebrecht e a JBS fizeram exatamente a mesma confiss\u00e3o e jamais retiraram uma s\u00edlaba de tudo o que confessaram. Mas aqui, por decis\u00e3o do STF, e s\u00f3 dele, recebem de volta todo o dinheiro que prometeram pagar para sair da cadeia.<\/p>\n<h2 class=\"wp-block-heading\" style=\"text-align: justify;\">Com o STF, a democracia enfrenta problemas<\/h2>\n<p style=\"text-align: justify;\">Os fatos descritos acima s\u00e3o apenas isso \u2014 fatos concretos, certos e consumados \u00e0s vistas do p\u00fablico. Est\u00e1 acima de qualquer discuss\u00e3o, tamb\u00e9m, que o STF e a Pol\u00edcia Federal violaram objetivamente a lei, em mais de uma ocasi\u00e3o, para executar desejos pol\u00edticos. Basta ver, para ficar num caso s\u00f3, o que est\u00e3o fazendo com o ex-assessor presidencial\u00a0<strong>Filipe Martins<\/strong>. \u00c9 uma fotografia da Justi\u00e7a brasileira de hoje.<\/p>\n<p style=\"text-align: justify;\">Martins ficou seis meses preso sob a acusa\u00e7\u00e3o de ter ido para os Estados Unidos se esconder de crimes que, segundo a PF, teria cometido ou iria cometer. O suspeito provou, com passagem de avi\u00e3o, recibos do Uber e localiza\u00e7\u00e3o geod\u00e9sica do seu celular, que tinha ido para Ponta Grossa, e n\u00e3o para a Fl\u00f3rida \u2014 e que o documento da sua suposta entrada nos EUA foi falsificado por um funcion\u00e1rio da imigra\u00e7\u00e3o norte-americana. \u00c9 acusado agora de n\u00e3o ter ido. Para a PF, ele teria \u201cforjado\u201d a viagem para embaralhar as \u201cpistas\u201d. \u00c9 esse o n\u00edvel.<\/p>\n<figure class=\"wp-block-embed is-type-video is-provider-youtube wp-block-embed-youtube wp-embed-aspect-16-9 wp-has-aspect-ratio\" style=\"text-align: justify;\">\n<div class=\"wp-block-embed__wrapper\"><\/div>\n<\/figure>\n<p style=\"text-align: justify;\">Uma democracia est\u00e1 com problemas s\u00e9rios se depende, para a sua sobreviv\u00eancia, deste tipo de\u00a0<strong>tribunal supremo<\/strong>\u00a0e deste tipo de pol\u00edcia. Hoje \u00e9 obrigat\u00f3rio mostrar f\u00e9 cega na PF e no STF, mesmo quando ela diz que um documento cr\u00edtico para provar o golpe ora em aprecia\u00e7\u00e3o n\u00e3o pode ser exibido por que foi \u201crasgado\u201d \u2014 ou quando o presidente da Corte afirma que um grupo de magistrados que apaga crimes confessos de corrup\u00e7\u00e3o \u201crecivilizou\u201d o Brasil. Faz nexo, no mundo do pensamento racional?<\/p>\n<\/div>\n<p style=\"text-align: justify;\"><a href=\"https:\/\/revistaoeste.com\/politica\/stf-criminaliza-bolsonarismo-e-apaga-crimes-confessos-de-corrupcao\/\">Via Revista Oeste<\/a><\/p>\n","protected":false},"excerpt":{"rendered":"<p>(J. R. Guzzo, publicado no jornal\u00a0O Estado de S. Paulo\u00a0em 27 de novembro de 2024) O jornal\u00a0The New York Times, tido como o Alcor\u00e3o da corre\u00e7\u00e3o pol\u00edtica e do avan\u00e7o civilizat\u00f3rio mundiais, acaba de publicar uma reportagem dizendo para o resto do planeta o que os brasileiros j\u00e1 sabem de cor: o STF anula em [&hellip;]<\/p>\n","protected":false},"author":2,"featured_media":195723,"comment_status":"open","ping_status":"open","sticky":false,"template":"","format":"standard","meta":{"_monsterinsights_skip_tracking":false,"_monsterinsights_sitenote_active":false,"_monsterinsights_sitenote_note":"","_monsterinsights_sitenote_category":0},"categories":[6,30260,2528,30259,12],"tags":[42266,26739,21017,27218,3157,3014],"aioseo_notices":[],"_links":{"self":[{"href":"https:\/\/mspontocom.com.br\/site\/wp-json\/wp\/v2\/posts\/195711"}],"collection":[{"href":"https:\/\/mspontocom.com.br\/site\/wp-json\/wp\/v2\/posts"}],"about":[{"href":"https:\/\/mspontocom.com.br\/site\/wp-json\/wp\/v2\/types\/post"}],"author":[{"embeddable":true,"href":"https:\/\/mspontocom.com.br\/site\/wp-json\/wp\/v2\/users\/2"}],"replies":[{"embeddable":true,"href":"https:\/\/mspontocom.com.br\/site\/wp-json\/wp\/v2\/comments?post=195711"}],"version-history":[{"count":2,"href":"https:\/\/mspontocom.com.br\/site\/wp-json\/wp\/v2\/posts\/195711\/revisions"}],"predecessor-version":[{"id":195724,"href":"https:\/\/mspontocom.com.br\/site\/wp-json\/wp\/v2\/posts\/195711\/revisions\/195724"}],"wp:featuredmedia":[{"embeddable":true,"href":"https:\/\/mspontocom.com.br\/site\/wp-json\/wp\/v2\/media\/195723"}],"wp:attachment":[{"href":"https:\/\/mspontocom.com.br\/site\/wp-json\/wp\/v2\/media?parent=195711"}],"wp:term":[{"taxonomy":"category","embeddable":true,"href":"https:\/\/mspontocom.com.br\/site\/wp-json\/wp\/v2\/categories?post=195711"},{"taxonomy":"post_tag","embeddable":true,"href":"https:\/\/mspontocom.com.br\/site\/wp-json\/wp\/v2\/tags?post=195711"}],"curies":[{"name":"wp","href":"https:\/\/api.w.org\/{rel}","templated":true}]}}