{"id":195715,"date":"2024-11-28T06:29:09","date_gmt":"2024-11-28T10:29:09","guid":{"rendered":"https:\/\/mspontocom.com.br\/site\/?p=195715"},"modified":"2024-11-28T06:29:09","modified_gmt":"2024-11-28T10:29:09","slug":"facebook-e-google-tentam-demover-ministros-do-stf-de-censurar-internet","status":"publish","type":"post","link":"https:\/\/mspontocom.com.br\/site\/facebook-e-google-tentam-demover-ministros-do-stf-de-censurar-internet\/","title":{"rendered":"Facebook e Google tentam demover ministros do STF de censurar Internet"},"content":{"rendered":"<p class=\"styles__ParagraphStyled-sc-6adecn-0 dXbqCe \" style=\"text-align: justify;\"><img loading=\"lazy\" class=\"alignnone size-full wp-image-195717\" src=\"https:\/\/mspontocom.com.br\/site\/wp-content\/uploads\/2024\/11\/site-facebook-e-google-tentam-demover-ministros-do-stf-de-censurar-internet-alexandre-moraes-660x372-1.jpeg\" alt=\"\" width=\"660\" height=\"372\" srcset=\"https:\/\/mspontocom.com.br\/site\/wp-content\/uploads\/2024\/11\/site-facebook-e-google-tentam-demover-ministros-do-stf-de-censurar-internet-alexandre-moraes-660x372-1.jpeg 660w, https:\/\/mspontocom.com.br\/site\/wp-content\/uploads\/2024\/11\/site-facebook-e-google-tentam-demover-ministros-do-stf-de-censurar-internet-alexandre-moraes-660x372-1-260x147.jpeg 260w\" sizes=\"(max-width: 660px) 100vw, 660px\" \/>Representantes de plataformas e redes sociais defenderam no plen\u00e1rio do STF\u00a0 , a manuten\u00e7\u00e3o das regras do <a href=\"https:\/\/www.estadao.com.br\/tudo-sobre\/marco-civil-da-internet\/\"><strong>Marco Civil da Internet<\/strong><\/a><strong>\u00a0<\/strong>que blindam as empresas de tecnologia de responderem por publica\u00e7\u00f5es de usu\u00e1rios, exceto se houver descumprimento de decis\u00f5es judiciais para remover conte\u00fados e contas.<\/p>\n<div class=\"styles__MultiParagraphAdStyled-sc-1yb8ue6-0 jgtefQ\">\n<div class=\"paragraph\">\n<p style=\"text-align: justify;\">Os ministros v\u00e3o decidir se ampliam a obriga\u00e7\u00e3o das plataformas de fiscalizarem os conte\u00fados que circulam nas redes &#8211; um dos maiores pontos de inquieta\u00e7\u00e3o das big techs.<\/p>\n<p style=\"text-align: justify;\">Advogados do\u00a0<a href=\"https:\/\/www.estadao.com.br\/tudo-sobre\/facebook\/\" target=\"_blank\" rel=\"noopener\"><strong>Facebook\u00a0<\/strong><\/a>e do\u00a0<a href=\"https:\/\/www.estadao.com.br\/tudo-sobre\/google\/\" target=\"_blank\" rel=\"noopener\"><strong>Google<\/strong><\/a><strong>\u00a0<\/strong>apresentaram seus argumentos a favor das regras como est\u00e3o.<\/p>\n<p style=\"text-align: justify;\">As empresas consideram uma \u201carmadilha\u201d receber a responsabilidade pelo que publicam os usu\u00e1rios.<\/p>\n<p style=\"text-align: justify;\">Essas plataformas projetam que a mudan\u00e7a<strong> criaria incentivos \u00e0 remo\u00e7\u00e3o autom\u00e1tica de publica\u00e7\u00f5es controversas e, em \u00faltima inst\u00e2ncia, \u00e0 censura pr\u00e9via nas redes sociais.<\/strong><\/p>\n<p style=\"text-align: justify;\">As plataformas avaliam que as mudan\u00e7as podem ser \u201ctraum\u00e1ticas\u201d se n\u00e3o forem acompanhadas por diretrizes cautelosas e objetivas sobre como devem agir, incluindo par\u00e2metros que evitem a banaliza\u00e7\u00e3o da remo\u00e7\u00e3o de perfis e publica\u00e7\u00f5es.<\/p>\n<p>&nbsp;<\/p>\n<p><em><strong>Continue ao nosso lado. Veja mais not\u00edcias em<\/strong><\/em>: <a href=\"http:\/\/www.mspontocom.com.br\">www.mspontocom.com.br<\/a><\/p>\n<p>Instagram \u00a0e X:\u00a0 @mspontocom<\/p>\n<\/div>\n<\/div>\n","protected":false},"excerpt":{"rendered":"<p>Representantes de plataformas e redes sociais defenderam no plen\u00e1rio do STF\u00a0 , a manuten\u00e7\u00e3o das regras do Marco Civil da Internet\u00a0que blindam as empresas de tecnologia de responderem por publica\u00e7\u00f5es de usu\u00e1rios, exceto se houver descumprimento de decis\u00f5es judiciais para remover conte\u00fados e contas. Os ministros v\u00e3o decidir se ampliam a obriga\u00e7\u00e3o das plataformas de [&hellip;]<\/p>\n","protected":false},"author":2,"featured_media":195717,"comment_status":"open","ping_status":"open","sticky":false,"template":"","format":"standard","meta":{"_monsterinsights_skip_tracking":false,"_monsterinsights_sitenote_active":false,"_monsterinsights_sitenote_note":"","_monsterinsights_sitenote_category":0},"categories":[12,70],"tags":[7907,366,1891,204,3014],"aioseo_notices":[],"_links":{"self":[{"href":"https:\/\/mspontocom.com.br\/site\/wp-json\/wp\/v2\/posts\/195715"}],"collection":[{"href":"https:\/\/mspontocom.com.br\/site\/wp-json\/wp\/v2\/posts"}],"about":[{"href":"https:\/\/mspontocom.com.br\/site\/wp-json\/wp\/v2\/types\/post"}],"author":[{"embeddable":true,"href":"https:\/\/mspontocom.com.br\/site\/wp-json\/wp\/v2\/users\/2"}],"replies":[{"embeddable":true,"href":"https:\/\/mspontocom.com.br\/site\/wp-json\/wp\/v2\/comments?post=195715"}],"version-history":[{"count":2,"href":"https:\/\/mspontocom.com.br\/site\/wp-json\/wp\/v2\/posts\/195715\/revisions"}],"predecessor-version":[{"id":195718,"href":"https:\/\/mspontocom.com.br\/site\/wp-json\/wp\/v2\/posts\/195715\/revisions\/195718"}],"wp:featuredmedia":[{"embeddable":true,"href":"https:\/\/mspontocom.com.br\/site\/wp-json\/wp\/v2\/media\/195717"}],"wp:attachment":[{"href":"https:\/\/mspontocom.com.br\/site\/wp-json\/wp\/v2\/media?parent=195715"}],"wp:term":[{"taxonomy":"category","embeddable":true,"href":"https:\/\/mspontocom.com.br\/site\/wp-json\/wp\/v2\/categories?post=195715"},{"taxonomy":"post_tag","embeddable":true,"href":"https:\/\/mspontocom.com.br\/site\/wp-json\/wp\/v2\/tags?post=195715"}],"curies":[{"name":"wp","href":"https:\/\/api.w.org\/{rel}","templated":true}]}}