{"id":195745,"date":"2024-11-29T06:18:12","date_gmt":"2024-11-29T10:18:12","guid":{"rendered":"https:\/\/mspontocom.com.br\/site\/?p=195745"},"modified":"2024-11-29T06:18:12","modified_gmt":"2024-11-29T10:18:12","slug":"bolsonaro-define-relatorio-da-pf-como-peca-de-ficcao","status":"publish","type":"post","link":"https:\/\/mspontocom.com.br\/site\/bolsonaro-define-relatorio-da-pf-como-peca-de-ficcao\/","title":{"rendered":"Bolsonaro define relat\u00f3rio da PF como \u2018pe\u00e7a de fic\u00e7\u00e3o\u2019"},"content":{"rendered":"<p style=\"text-align: justify;\"><img loading=\"lazy\" class=\"alignnone size-full wp-image-195757\" src=\"https:\/\/mspontocom.com.br\/site\/wp-content\/uploads\/2024\/11\/site-bolsonaro-define-relatorio-da-pf-como-peca-de-ficcao-bolsonaro-bravo.jpg\" alt=\"\" width=\"1920\" height=\"1080\" srcset=\"https:\/\/mspontocom.com.br\/site\/wp-content\/uploads\/2024\/11\/site-bolsonaro-define-relatorio-da-pf-como-peca-de-ficcao-bolsonaro-bravo.jpg 1920w, https:\/\/mspontocom.com.br\/site\/wp-content\/uploads\/2024\/11\/site-bolsonaro-define-relatorio-da-pf-como-peca-de-ficcao-bolsonaro-bravo-260x146.jpg 260w, https:\/\/mspontocom.com.br\/site\/wp-content\/uploads\/2024\/11\/site-bolsonaro-define-relatorio-da-pf-como-peca-de-ficcao-bolsonaro-bravo-1024x576.jpg 1024w, https:\/\/mspontocom.com.br\/site\/wp-content\/uploads\/2024\/11\/site-bolsonaro-define-relatorio-da-pf-como-peca-de-ficcao-bolsonaro-bravo-768x432.jpg 768w, https:\/\/mspontocom.com.br\/site\/wp-content\/uploads\/2024\/11\/site-bolsonaro-define-relatorio-da-pf-como-peca-de-ficcao-bolsonaro-bravo-1536x864.jpg 1536w\" sizes=\"(max-width: 1920px) 100vw, 1920px\" \/>O ex-presidente Jair Bolsonaro concedeu entrevista ao Oeste sem Filtro.<\/p>\n<p style=\"text-align: justify;\">Durante o programa, Bolsonaro classificou o relat\u00f3rio da Pol\u00edcia Federal (PF) como uma <strong>\u201cpe\u00e7a de fic\u00e7\u00e3o\u201d. <\/strong><\/p>\n<p style=\"text-align: justify;\"><span style=\"font-size: 14pt;\"><em>\u201cFalar em golpe de Estado com um general da reserva, quatro oficiais e um agente da PF \u00e9 outra piada\u201d,<\/em><\/span> exclamou o ex-presidente.<\/p>\n<p style=\"text-align: justify;\">Ele ainda considera ser o alvo principal do inqu\u00e9rito, que indiciou outras 36 pessoas.<\/p>\n<p style=\"text-align: justify;\">Esta persegui\u00e7\u00e3o, de acordo com Bolsonaro, se d\u00e1 porque seu \u201catrapalhou gente importante que vivia de recursos p\u00fablicos\u201d.<\/p>\n<p style=\"text-align: justify;\">Bolsonaro tamb\u00e9m disse que, desde seu primeiro ano de governo, \u00e9 acusado de querer dar um golpe.<\/p>\n<p style=\"text-align: justify;\"><span style=\"font-size: 14pt;\"><em>\u201cTinham que ter uma narrativa, ent\u00e3o pegavam pronunciamentos e discursos meus de vinte anos atr\u00e1s e o tempo todo batiam em cima disso.\u201d<\/em><\/span><\/p>\n<p style=\"text-align: justify;\">\n<blockquote class=\"wp-block-quote is-layout-flow wp-block-quote-is-layout-flow\"><p>\u201cELES V\u00c3O PARA CIMA DE VOC\u00ca, TE PROCESSAM AT\u00c9 POR IMPORTUNAR BALEIA\u201d, IRONIZOU O EX-PRESIDENTE.<\/p><\/blockquote>\n<p>&nbsp;<\/p>\n<p><em><strong>Continue ao nosso lado. Veja mais not\u00edcias em<\/strong><\/em>: <a href=\"http:\/\/www.mspontocom.com.br\">www.mspontocom.com.br<\/a><\/p>\n<p>Instagram \u00a0e X:\u00a0 @mspontocom<\/p>\n","protected":false},"excerpt":{"rendered":"<p>O ex-presidente Jair Bolsonaro concedeu entrevista ao Oeste sem Filtro. Durante o programa, Bolsonaro classificou o relat\u00f3rio da Pol\u00edcia Federal (PF) como uma \u201cpe\u00e7a de fic\u00e7\u00e3o\u201d. \u201cFalar em golpe de Estado com um general da reserva, quatro oficiais e um agente da PF \u00e9 outra piada\u201d, exclamou o ex-presidente. Ele ainda considera ser o alvo [&hellip;]<\/p>\n","protected":false},"author":2,"featured_media":195757,"comment_status":"open","ping_status":"open","sticky":false,"template":"","format":"standard","meta":{"_monsterinsights_skip_tracking":false,"_monsterinsights_sitenote_active":false,"_monsterinsights_sitenote_note":"","_monsterinsights_sitenote_category":0},"categories":[6,30260,30259,12],"tags":[42269,21017,4100,4105],"aioseo_notices":[],"_links":{"self":[{"href":"https:\/\/mspontocom.com.br\/site\/wp-json\/wp\/v2\/posts\/195745"}],"collection":[{"href":"https:\/\/mspontocom.com.br\/site\/wp-json\/wp\/v2\/posts"}],"about":[{"href":"https:\/\/mspontocom.com.br\/site\/wp-json\/wp\/v2\/types\/post"}],"author":[{"embeddable":true,"href":"https:\/\/mspontocom.com.br\/site\/wp-json\/wp\/v2\/users\/2"}],"replies":[{"embeddable":true,"href":"https:\/\/mspontocom.com.br\/site\/wp-json\/wp\/v2\/comments?post=195745"}],"version-history":[{"count":2,"href":"https:\/\/mspontocom.com.br\/site\/wp-json\/wp\/v2\/posts\/195745\/revisions"}],"predecessor-version":[{"id":195758,"href":"https:\/\/mspontocom.com.br\/site\/wp-json\/wp\/v2\/posts\/195745\/revisions\/195758"}],"wp:featuredmedia":[{"embeddable":true,"href":"https:\/\/mspontocom.com.br\/site\/wp-json\/wp\/v2\/media\/195757"}],"wp:attachment":[{"href":"https:\/\/mspontocom.com.br\/site\/wp-json\/wp\/v2\/media?parent=195745"}],"wp:term":[{"taxonomy":"category","embeddable":true,"href":"https:\/\/mspontocom.com.br\/site\/wp-json\/wp\/v2\/categories?post=195745"},{"taxonomy":"post_tag","embeddable":true,"href":"https:\/\/mspontocom.com.br\/site\/wp-json\/wp\/v2\/tags?post=195745"}],"curies":[{"name":"wp","href":"https:\/\/api.w.org\/{rel}","templated":true}]}}