{"id":195779,"date":"2024-11-30T06:44:24","date_gmt":"2024-11-30T10:44:24","guid":{"rendered":"https:\/\/mspontocom.com.br\/site\/?p=195779"},"modified":"2024-11-30T06:44:24","modified_gmt":"2024-11-30T10:44:24","slug":"na-ccj-procurador-diz-que-stf-e-quem-decide-as-eleicoes","status":"publish","type":"post","link":"https:\/\/mspontocom.com.br\/site\/na-ccj-procurador-diz-que-stf-e-quem-decide-as-eleicoes\/","title":{"rendered":"Na CCJ, procurador diz que STF \u00e9 quem \u201cdecide\u201d as elei\u00e7\u00f5es"},"content":{"rendered":"<p style=\"text-align: justify;\"><img loading=\"lazy\" class=\"alignnone size-full wp-image-195793\" src=\"https:\/\/mspontocom.com.br\/site\/wp-content\/uploads\/2024\/11\/site-na-ccj-procurador-diz-que-stf-e-quem-decide-as-eleicoes-stf1.jpeg\" alt=\"\" width=\"800\" height=\"475\" srcset=\"https:\/\/mspontocom.com.br\/site\/wp-content\/uploads\/2024\/11\/site-na-ccj-procurador-diz-que-stf-e-quem-decide-as-eleicoes-stf1.jpeg 800w, https:\/\/mspontocom.com.br\/site\/wp-content\/uploads\/2024\/11\/site-na-ccj-procurador-diz-que-stf-e-quem-decide-as-eleicoes-stf1-260x154.jpeg 260w, https:\/\/mspontocom.com.br\/site\/wp-content\/uploads\/2024\/11\/site-na-ccj-procurador-diz-que-stf-e-quem-decide-as-eleicoes-stf1-768x456.jpeg 768w\" sizes=\"(max-width: 800px) 100vw, 800px\" \/>O procurador Felipe Gimenez, do Mato Grosso do Sul, disse na CCJ (Comiss\u00e3o de Constitui\u00e7\u00e3o e Justi\u00e7a)\u00a0 que<strong> \u201cs\u00e3o os ministros do STF\u00a0 quem decidem as elei\u00e7\u00f5es\u201d. <\/strong><\/p>\n<p style=\"text-align: justify;\">A fala se deu durante a audi\u00eancia p\u00fablica sobre o PL\u00a0 do voto impresso.<\/p>\n<p style=\"text-align: justify;\">Gimenez j\u00e1 foi investigado por v\u00eddeos com alega\u00e7\u00f5es sobre as urnas eletr\u00f4nicas em 2023.<\/p>\n<p style=\"text-align: justify;\">Durante uma entrevista, disse que o presidente <strong>Lula n\u00e3o foi eleito, e sim \u201cescolhido por ministros do STF e do TSE . <\/strong><\/p>\n<p style=\"text-align: justify;\">O trecho chegou a ser compartilhado pelo ex-presidente <strong>Jair Bolsonaro<\/strong>\u00a0 2 dias depois do 8 de Janeiro de 2023, data dos protestos na Pra\u00e7a dos Tr\u00eas Poderes.<\/p>\n<p style=\"text-align: justify;\">A sess\u00e3o tamb\u00e9m contou com a presen\u00e7a do desembargador do Distrito Federal Sebasti\u00e3o Coelho e de representante do F\u00f3rum do Voto Eletr\u00f4nico, o engenheiro Amiclar Brunazo.<\/p>\n<p style=\"text-align: justify;\">Coelho afirmou que <strong>\u201cn\u00e3o podemos confiar nas pessoas que controlam as m\u00e1quinas\u201d, <\/strong><\/p>\n<p style=\"text-align: justify;\">Disse que o judici\u00e1rio \u201cignora\u201d convites do legislativo para debater o sistema eletr\u00f4nico das elei\u00e7\u00f5es.<\/p>\n<p style=\"text-align: justify;\"><em><strong>Continue ao nosso lado. Veja mais not\u00edcias em<\/strong><\/em>: <a href=\"http:\/\/www.mspontocom.com.br\">www.mspontocom.com.br<\/a><\/p>\n<p style=\"text-align: justify;\">Instagram \u00a0e X:\u00a0 @mspontocom<\/p>\n","protected":false},"excerpt":{"rendered":"<p>O procurador Felipe Gimenez, do Mato Grosso do Sul, disse na CCJ (Comiss\u00e3o de Constitui\u00e7\u00e3o e Justi\u00e7a)\u00a0 que \u201cs\u00e3o os ministros do STF\u00a0 quem decidem as elei\u00e7\u00f5es\u201d. A fala se deu durante a audi\u00eancia p\u00fablica sobre o PL\u00a0 do voto impresso. Gimenez j\u00e1 foi investigado por v\u00eddeos com alega\u00e7\u00f5es sobre as urnas eletr\u00f4nicas em 2023. [&hellip;]<\/p>\n","protected":false},"author":2,"featured_media":195793,"comment_status":"open","ping_status":"open","sticky":false,"template":"","format":"standard","meta":{"_monsterinsights_skip_tracking":false,"_monsterinsights_sitenote_active":false,"_monsterinsights_sitenote_note":"","_monsterinsights_sitenote_category":0},"categories":[6,30260,30259,12],"tags":[26356,25266,42276,13467,3014],"aioseo_notices":[],"_links":{"self":[{"href":"https:\/\/mspontocom.com.br\/site\/wp-json\/wp\/v2\/posts\/195779"}],"collection":[{"href":"https:\/\/mspontocom.com.br\/site\/wp-json\/wp\/v2\/posts"}],"about":[{"href":"https:\/\/mspontocom.com.br\/site\/wp-json\/wp\/v2\/types\/post"}],"author":[{"embeddable":true,"href":"https:\/\/mspontocom.com.br\/site\/wp-json\/wp\/v2\/users\/2"}],"replies":[{"embeddable":true,"href":"https:\/\/mspontocom.com.br\/site\/wp-json\/wp\/v2\/comments?post=195779"}],"version-history":[{"count":2,"href":"https:\/\/mspontocom.com.br\/site\/wp-json\/wp\/v2\/posts\/195779\/revisions"}],"predecessor-version":[{"id":195794,"href":"https:\/\/mspontocom.com.br\/site\/wp-json\/wp\/v2\/posts\/195779\/revisions\/195794"}],"wp:featuredmedia":[{"embeddable":true,"href":"https:\/\/mspontocom.com.br\/site\/wp-json\/wp\/v2\/media\/195793"}],"wp:attachment":[{"href":"https:\/\/mspontocom.com.br\/site\/wp-json\/wp\/v2\/media?parent=195779"}],"wp:term":[{"taxonomy":"category","embeddable":true,"href":"https:\/\/mspontocom.com.br\/site\/wp-json\/wp\/v2\/categories?post=195779"},{"taxonomy":"post_tag","embeddable":true,"href":"https:\/\/mspontocom.com.br\/site\/wp-json\/wp\/v2\/tags?post=195779"}],"curies":[{"name":"wp","href":"https:\/\/api.w.org\/{rel}","templated":true}]}}