{"id":195802,"date":"2024-12-01T08:03:51","date_gmt":"2024-12-01T12:03:51","guid":{"rendered":"https:\/\/mspontocom.com.br\/site\/?p=195802"},"modified":"2024-12-01T08:03:51","modified_gmt":"2024-12-01T12:03:51","slug":"estamos-ferrados-diz-ometto-aliado-de-lula-sobre-o-pais","status":"publish","type":"post","link":"https:\/\/mspontocom.com.br\/site\/estamos-ferrados-diz-ometto-aliado-de-lula-sobre-o-pais\/","title":{"rendered":"\u2018Estamos ferrados\u2019, diz Ometto, aliado de Lula, sobre o pa\u00eds"},"content":{"rendered":"<p style=\"text-align: justify;\"><img loading=\"lazy\" class=\"alignnone size-full wp-image-195803\" src=\"https:\/\/mspontocom.com.br\/site\/wp-content\/uploads\/2024\/12\/site-estamos-ferrados-diz-ometto-aliado-de-lula-sobre-o-brasil-ometto-lula.webp\" alt=\"\" width=\"600\" height=\"400\" srcset=\"https:\/\/mspontocom.com.br\/site\/wp-content\/uploads\/2024\/12\/site-estamos-ferrados-diz-ometto-aliado-de-lula-sobre-o-brasil-ometto-lula.webp 600w, https:\/\/mspontocom.com.br\/site\/wp-content\/uploads\/2024\/12\/site-estamos-ferrados-diz-ometto-aliado-de-lula-sobre-o-brasil-ometto-lula-260x173.webp 260w\" sizes=\"(max-width: 600px) 100vw, 600px\" \/><\/p>\n<p style=\"text-align: justify;\">O presidente do grupo Cosan, <strong>Rubens Ometto\u00a0 (foto)<\/strong>, n\u00e3o pareceu muito animado em um evento do grupo Esfera Brasil, em S\u00e3o Paulo, nesta semana.<\/p>\n<p style=\"text-align: justify;\">Em fala dirigida ao futuro presidente do Banco Central Gabriel Gal\u00edpolo, indicado este ano por Lula para dirigir o Bacen, o empres\u00e1rio n\u00e3o economizou nas palavras para destacar a urg\u00eancia de resolver o d\u00e9ficit fiscal e estabilizar a economia.<\/p>\n<p style=\"text-align: justify;\"><span style=\"font-size: 14pt;\"><em>\u201cEstamos, desculpe o franc\u00eas, <strong>estamos ferrados<\/strong> porque a alta administra\u00e7\u00e3o do nosso pa\u00eds acha que est\u00e1 certo e n\u00e3o quer fazer nada. \u00c9 uma pena.\u201d<\/em><\/span><\/p>\n<p style=\"text-align: justify;\">Ometto diz ainda que a pol\u00edtica econ\u00f4mica equivocada afasta o empresariado.<\/p>\n<p><em><strong>Continue ao nosso lado. Veja mais not\u00edcias em<\/strong><\/em>: <a href=\"http:\/\/www.mspontocom.com.br\">www.mspontocom.com.br<\/a><\/p>\n<p>Instagram \u00a0e X:\u00a0 @mspontocom<\/p>\n","protected":false},"excerpt":{"rendered":"<p>O presidente do grupo Cosan, Rubens Ometto\u00a0 (foto), n\u00e3o pareceu muito animado em um evento do grupo Esfera Brasil, em S\u00e3o Paulo, nesta semana. Em fala dirigida ao futuro presidente do Banco Central Gabriel Gal\u00edpolo, indicado este ano por Lula para dirigir o Bacen, o empres\u00e1rio n\u00e3o economizou nas palavras para destacar a urg\u00eancia de [&hellip;]<\/p>\n","protected":false},"author":2,"featured_media":195803,"comment_status":"open","ping_status":"open","sticky":false,"template":"","format":"standard","meta":{"_monsterinsights_skip_tracking":false,"_monsterinsights_sitenote_active":false,"_monsterinsights_sitenote_note":"","_monsterinsights_sitenote_category":0},"categories":[6,30260,15,30259,12],"tags":[42277,480,39727,21822],"aioseo_notices":[],"_links":{"self":[{"href":"https:\/\/mspontocom.com.br\/site\/wp-json\/wp\/v2\/posts\/195802"}],"collection":[{"href":"https:\/\/mspontocom.com.br\/site\/wp-json\/wp\/v2\/posts"}],"about":[{"href":"https:\/\/mspontocom.com.br\/site\/wp-json\/wp\/v2\/types\/post"}],"author":[{"embeddable":true,"href":"https:\/\/mspontocom.com.br\/site\/wp-json\/wp\/v2\/users\/2"}],"replies":[{"embeddable":true,"href":"https:\/\/mspontocom.com.br\/site\/wp-json\/wp\/v2\/comments?post=195802"}],"version-history":[{"count":1,"href":"https:\/\/mspontocom.com.br\/site\/wp-json\/wp\/v2\/posts\/195802\/revisions"}],"predecessor-version":[{"id":195804,"href":"https:\/\/mspontocom.com.br\/site\/wp-json\/wp\/v2\/posts\/195802\/revisions\/195804"}],"wp:featuredmedia":[{"embeddable":true,"href":"https:\/\/mspontocom.com.br\/site\/wp-json\/wp\/v2\/media\/195803"}],"wp:attachment":[{"href":"https:\/\/mspontocom.com.br\/site\/wp-json\/wp\/v2\/media?parent=195802"}],"wp:term":[{"taxonomy":"category","embeddable":true,"href":"https:\/\/mspontocom.com.br\/site\/wp-json\/wp\/v2\/categories?post=195802"},{"taxonomy":"post_tag","embeddable":true,"href":"https:\/\/mspontocom.com.br\/site\/wp-json\/wp\/v2\/tags?post=195802"}],"curies":[{"name":"wp","href":"https:\/\/api.w.org\/{rel}","templated":true}]}}