{"id":195808,"date":"2024-12-02T06:20:20","date_gmt":"2024-12-02T10:20:20","guid":{"rendered":"https:\/\/mspontocom.com.br\/site\/?p=195808"},"modified":"2024-12-02T06:20:20","modified_gmt":"2024-12-02T10:20:20","slug":"governo-espalha-fake-news-sobre-isencao-do-imposto-de-renda","status":"publish","type":"post","link":"https:\/\/mspontocom.com.br\/site\/governo-espalha-fake-news-sobre-isencao-do-imposto-de-renda\/","title":{"rendered":"Governo espalha fake news sobre isen\u00e7\u00e3o do Imposto de Renda"},"content":{"rendered":"<p style=\"text-align: justify;\"><img loading=\"lazy\" class=\"alignnone size-full wp-image-195815\" src=\"https:\/\/mspontocom.com.br\/site\/wp-content\/uploads\/2024\/12\/site-governo-espalha-fake-news-sobre-isencao-do-imposto-de-renda-leao.webp\" alt=\"\" width=\"715\" height=\"402\" srcset=\"https:\/\/mspontocom.com.br\/site\/wp-content\/uploads\/2024\/12\/site-governo-espalha-fake-news-sobre-isencao-do-imposto-de-renda-leao.webp 715w, https:\/\/mspontocom.com.br\/site\/wp-content\/uploads\/2024\/12\/site-governo-espalha-fake-news-sobre-isencao-do-imposto-de-renda-leao-260x146.webp 260w\" sizes=\"(max-width: 715px) 100vw, 715px\" \/>A Secretaria de Comunica\u00e7\u00e3o Social do governo Lula espalhou\u00a0<strong><em>fake news<\/em><\/strong>\u00a0ao afirmar que j\u00e1 havia enviado ao Congresso um projeto de isen\u00e7\u00e3o do Imposto de Renda para quem ganha at\u00e9 R$ 5 mil mensais.<\/p>\n<p style=\"text-align: justify;\">A publica\u00e7\u00e3o foi compartilhada neste domingo, 1\u00ba, mas foi deletada das redes sociais oficiais do governo.<\/p>\n<p style=\"text-align: justify;\">A proposta, anunciada recentemente como parte de um pacote de conten\u00e7\u00e3o de gastos, ainda n\u00e3o foi formalmente submetida ao Legislativo.<\/p>\n<p style=\"text-align: justify;\">No post, a mensagem era clara ao afirmar:<\/p>\n<p style=\"text-align: justify;\">\u201cO governo enviou ao Congresso proposta para ampliar a isen\u00e7\u00e3o do Imposto de Renda para quem ganha at\u00e9 R$ 5 mil. Essa \u00e9 a maior reforma do Imposto de Renda da hist\u00f3ria\u201d, embora errada.<\/p>\n<h2 class=\"wp-block-heading\" style=\"text-align: justify;\">Governo Lula n\u00e3o se manifestou sobre equ\u00edvoco<\/h2>\n<p style=\"text-align: justify;\">Nem a Secretaria de Comunica\u00e7\u00e3o Social (Secom) nem o Minist\u00e9rio da Fazenda se manifestaram sobre o equ\u00edvoco.<\/p>\n<p style=\"text-align: justify;\">O ministro da Fazenda, Fernando Haddad, lamentou o vazamento da proposta, frisando que a prioridade do governo \u00e9 aprovar as medidas de corte de gastos antes de discutir a reforma do Imposto de Renda, programada para 2025.<\/p>\n<p style=\"text-align: justify;\">Continue ao nosso lado. Veja mais not\u00edcias em: <a href=\"http:\/\/www.mspontocom.com.br\">www.mspontocom.com.br<\/a><\/p>\n<p style=\"text-align: justify;\">Instagram \u00a0e X:\u00a0 @mspontocom<\/p>\n","protected":false},"excerpt":{"rendered":"<p>A Secretaria de Comunica\u00e7\u00e3o Social do governo Lula espalhou\u00a0fake news\u00a0ao afirmar que j\u00e1 havia enviado ao Congresso um projeto de isen\u00e7\u00e3o do Imposto de Renda para quem ganha at\u00e9 R$ 5 mil mensais. A publica\u00e7\u00e3o foi compartilhada neste domingo, 1\u00ba, mas foi deletada das redes sociais oficiais do governo. A proposta, anunciada recentemente como parte [&hellip;]<\/p>\n","protected":false},"author":2,"featured_media":195815,"comment_status":"open","ping_status":"open","sticky":false,"template":"","format":"standard","meta":{"_monsterinsights_skip_tracking":false,"_monsterinsights_sitenote_active":false,"_monsterinsights_sitenote_note":"","_monsterinsights_sitenote_category":0},"categories":[6,30260,15,30259,12],"tags":[42279,30654,78,1541,21740,480],"aioseo_notices":[],"_links":{"self":[{"href":"https:\/\/mspontocom.com.br\/site\/wp-json\/wp\/v2\/posts\/195808"}],"collection":[{"href":"https:\/\/mspontocom.com.br\/site\/wp-json\/wp\/v2\/posts"}],"about":[{"href":"https:\/\/mspontocom.com.br\/site\/wp-json\/wp\/v2\/types\/post"}],"author":[{"embeddable":true,"href":"https:\/\/mspontocom.com.br\/site\/wp-json\/wp\/v2\/users\/2"}],"replies":[{"embeddable":true,"href":"https:\/\/mspontocom.com.br\/site\/wp-json\/wp\/v2\/comments?post=195808"}],"version-history":[{"count":2,"href":"https:\/\/mspontocom.com.br\/site\/wp-json\/wp\/v2\/posts\/195808\/revisions"}],"predecessor-version":[{"id":195816,"href":"https:\/\/mspontocom.com.br\/site\/wp-json\/wp\/v2\/posts\/195808\/revisions\/195816"}],"wp:featuredmedia":[{"embeddable":true,"href":"https:\/\/mspontocom.com.br\/site\/wp-json\/wp\/v2\/media\/195815"}],"wp:attachment":[{"href":"https:\/\/mspontocom.com.br\/site\/wp-json\/wp\/v2\/media?parent=195808"}],"wp:term":[{"taxonomy":"category","embeddable":true,"href":"https:\/\/mspontocom.com.br\/site\/wp-json\/wp\/v2\/categories?post=195808"},{"taxonomy":"post_tag","embeddable":true,"href":"https:\/\/mspontocom.com.br\/site\/wp-json\/wp\/v2\/tags?post=195808"}],"curies":[{"name":"wp","href":"https:\/\/api.w.org\/{rel}","templated":true}]}}