{"id":195810,"date":"2024-12-02T06:45:30","date_gmt":"2024-12-02T10:45:30","guid":{"rendered":"https:\/\/mspontocom.com.br\/site\/?p=195810"},"modified":"2024-12-02T06:45:30","modified_gmt":"2024-12-02T10:45:30","slug":"congresso-americano-diz-que-monitora-censura-imposta-pelo-stf","status":"publish","type":"post","link":"https:\/\/mspontocom.com.br\/site\/congresso-americano-diz-que-monitora-censura-imposta-pelo-stf\/","title":{"rendered":"Congresso americano diz que monitora censura imposta pelo STF"},"content":{"rendered":"<div id=\"paywall-google\" class=\"article-body paywall-google col-8\">\n<div class=\"wrapper\">\n<p style=\"text-align: justify;\" tabindex=\"0\"><img loading=\"lazy\" class=\"alignnone size-full wp-image-195819\" src=\"https:\/\/mspontocom.com.br\/site\/wp-content\/uploads\/2024\/12\/site-congresso-americano-diz-que-monitora-censura-imposta-pelo-stf-congresso-eua.jpg\" alt=\"\" width=\"777\" height=\"455\" srcset=\"https:\/\/mspontocom.com.br\/site\/wp-content\/uploads\/2024\/12\/site-congresso-americano-diz-que-monitora-censura-imposta-pelo-stf-congresso-eua.jpg 777w, https:\/\/mspontocom.com.br\/site\/wp-content\/uploads\/2024\/12\/site-congresso-americano-diz-que-monitora-censura-imposta-pelo-stf-congresso-eua-260x152.jpg 260w, https:\/\/mspontocom.com.br\/site\/wp-content\/uploads\/2024\/12\/site-congresso-americano-diz-que-monitora-censura-imposta-pelo-stf-congresso-eua-768x450.jpg 768w\" sizes=\"(max-width: 777px) 100vw, 777px\" \/>Reeleita para o terceiro mandato no Congresso americano, a deputada republicana Mar\u00eda Elvira Salazar \u00e9 famosa por sua postura firme diante dos regimes socialistas autorit\u00e1rios da Am\u00e9rica Latina.<\/p>\n<p style=\"text-align: justify;\" tabindex=\"0\">Entre os brasileiros, a representante da Fl\u00f3rida ficou mais conhecida quando participou de uma audi\u00eancia da C\u00e2mara dos EUA sobre a liberdade de express\u00e3o no Brasil.<\/p>\n<p style=\"text-align: justify;\" tabindex=\"0\">Ela se referiu ao presidente Lula como \u201ccondenado por corrup\u00e7\u00e3o\u201d e chamou o ministro do STF Alexandre de Moraes de \u201coperador totalit\u00e1rio\u201d da justi\u00e7a brasileira.<\/p>\n<p style=\"text-align: justify;\" tabindex=\"0\">Na entrevista a seguir, a parlamentar fala sobre as estrat\u00e9gicas do pr\u00f3ximo governo de Donald Trump com rela\u00e7\u00e3o \u00e0 Am\u00e9rica Latina e o compromisso dos republicanos com a democracia na regi\u00e3o.<\/p>\n<p style=\"text-align: justify;\" tabindex=\"0\"><strong>Gazeta do Povo \u2014 Como ser\u00e1 a postura do novo governo americano com rela\u00e7\u00e3o aos regimes autorit\u00e1rios da Am\u00e9rica Latina, como Cuba, Venezuela e Nicar\u00e1gua?<\/strong><\/p>\n<div class=\"c-ads ads-desktop\" style=\"text-align: justify;\">\n<div id=\"d-pos-post-1\"><\/div>\n<\/div>\n<p style=\"text-align: justify;\" tabindex=\"0\">Mar\u00eda Elvira Salazar \u2014 Os regimes opressores ao redor do mundo saber\u00e3o que h\u00e1 um \u201cnovo xerife na cidade\u201d. N\u00e3o haver\u00e1 mais toler\u00e2ncia para seus aparatos repressivos, e estou confiante de que a administra\u00e7\u00e3o Trump tomar\u00e1 as medidas necess\u00e1rias para mant\u00ea-los na linha. Esses regimes opressores agora tamb\u00e9m ter\u00e3o que lidar com Marco Rubio [Secret\u00e1rio de Estado] e Mike Waltz [conselheiro de Seguran\u00e7a Nacional], dois declarados amigos da liberdade na Am\u00e9rica Latina.<\/p>\n<p style=\"text-align: justify;\" tabindex=\"0\"><strong>A senhora acredita que haver\u00e1 um fortalecimento da rela\u00e7\u00e3o dos EUA com a Argentina e Israel, considerando os fortes la\u00e7os entre os republicanos e os l\u00edderes desses dois pa\u00edses?<\/strong><\/p>\n<p style=\"text-align: justify;\" tabindex=\"0\">Com a vit\u00f3ria de Donald Trump, h\u00e1 uma oportunidade renovada para desenvolver uma rela\u00e7\u00e3o s\u00f3lida com Israel e Argentina. Tanto Javier Milei quanto Benjamin Netanyahu j\u00e1 sinalizaram sua disposi\u00e7\u00e3o de cooperar ainda mais em prioridades militares e de defesa entre nossas na\u00e7\u00f5es. Acredito que Trump, com maiorias republicanas na C\u00e2mara e no Senado, conseguir\u00e1 entregar esses resultados.<\/p>\n<p style=\"text-align: justify;\" tabindex=\"0\"><strong>Lula chamou Donald Trump de \u201cnazista\u201d. Gustavo Petro, presidente da Col\u00f4mbia, acusou Elon Musk de ter \u201ctend\u00eancias nazistas\u201d. Como o governo republicano pretende se posicionar frente a l\u00edderes alinhados ao Foro de S\u00e3o Paulo e ao avan\u00e7o de pol\u00edticas que enfraquecem a liberdade em seus pa\u00edses?<\/strong><\/p>\n<div class=\"c-ads ads-desktop\" style=\"text-align: justify;\">\n<div id=\"d-pos-post-2\"><\/div>\n<\/div>\n<p style=\"text-align: justify;\" tabindex=\"0\">Petro e Lula da Silva devem ter muito cuidado antes de seguir o mesmo caminho de outros socialistas, como Maduro ou Ortega. Os Estados Unidos, sob o comando do presidente Trump, ter\u00e3o toler\u00e2ncia zero para novas tentativas de repress\u00e3o.<\/p>\n<p style=\"text-align: justify;\" tabindex=\"0\"><strong>Quais estrat\u00e9gias o novo governo planeja adotar para conter a influ\u00eancia da China e da R\u00fassia na Am\u00e9rica Latina?\u202f<\/strong><\/p>\n<p style=\"text-align: justify;\" tabindex=\"0\">Ao escolher o senador Marco Rubio para comandar o Departamento de Estado e o congressista Mike Waltz como seu Conselheiro de Seguran\u00e7a Nacional, o presidente Trump est\u00e1 mostrando que a Am\u00e9rica Latina finalmente receber\u00e1 a aten\u00e7\u00e3o que merece. Miguel D\u00edaz-Canel [ditador de Cuba], Nicol\u00e1s Maduro [Venezuela] e Daniel Ortega [Nicar\u00e1gua] n\u00e3o ser\u00e3o mais recompensados, e conteremos a crescente influ\u00eancia de nossos advers\u00e1rios.<\/p>\n<p style=\"text-align: justify;\" tabindex=\"0\"><a href=\"https:\/\/www.gazetadopovo.com.br\/ideias\/maria-salazar-governo-americano-pode-retirar-visto-alexandre-de-moraes\/?ref=link-interno-materia\" target=\"_blank\" rel=\"noreferrer noopener\"><strong>Em uma entrevista recente \u00e0 Gazeta do Povo<\/strong><\/a><strong>, a senhora defendeu a retirada do visto norte-americano de Alexandre de Moraes e de outras autoridades brasileiras acusadas de limitar a liberdade de express\u00e3o. Em resposta, o magistrado ironizou essa possibilidade. O governo Trump implementar\u00e1 pol\u00edticas para investigar supostas viola\u00e7\u00f5es de direitos humanos cometidas pela Suprema Corte brasileira?<\/strong><\/p>\n<div class=\"c-ads ads-desktop\" style=\"text-align: justify;\">\n<div id=\"d-pos-post-3\"><\/div>\n<\/div>\n<p style=\"text-align: justify;\" tabindex=\"0\">Autorit\u00e1rios de esquerda dizem que isso n\u00e3o os afeta, mas s\u00e3o os primeiros a enviar suas fam\u00edlias para f\u00e9rias caras em Miami e a comprar im\u00f3veis nos Estados Unidos. Trump cercou-se de pessoas como Elon Musk, que t\u00eam plena consci\u00eancia das viola\u00e7\u00f5es de liberdade de express\u00e3o perpetradas pelo ministro Moraes contra seu pr\u00f3prio povo. O Congresso tamb\u00e9m est\u00e1 ciente disso e continuar\u00e1 monitorando a situa\u00e7\u00e3o de perto. O governo dos EUA n\u00e3o deve mais continuar recompensando governos na Am\u00e9rica Latina que violam o direito de liberdade de express\u00e3o de seus cidad\u00e3os.<\/p>\n<p style=\"text-align: justify;\" tabindex=\"0\"><strong>H\u00e1 planos para fortalecer a coopera\u00e7\u00e3o entre os EUA e pa\u00edses latino-americanos no combate ao narcotr\u00e1fico e ao crime organizado?<\/strong><\/p>\n<p style=\"text-align: justify;\" tabindex=\"0\">Trabalhar com governos de mentalidade semelhante, que sejam duros contra o crime, como o de Javier Milei na Argentina, ser\u00e1 crucial para reduzir a criminalidade em nosso hemisf\u00e9rio. Nossa abordagem de toler\u00e2ncia zero ser\u00e1 aplicada em todos os lugares.<\/p>\n<p style=\"text-align: justify;\" tabindex=\"0\"><strong>Como os republicanos pretendem lidar com as influ\u00eancias de grupos que afetam o debate democr\u00e1tico na Am\u00e9rica Latina \u2014 ONGs, funda\u00e7\u00f5es ligadas a George Soros e influenciadores extremistas como Felipe Neto e Sleeping Giants?<\/strong><\/p>\n<div class=\"c-ads ads-desktop\" style=\"text-align: justify;\">\n<div id=\"d-pos-post-4\"><\/div>\n<\/div>\n<p style=\"text-align: justify;\" tabindex=\"0\">Como Secret\u00e1rio de Estado, o senador Rubio poder\u00e1 revisar os subs\u00eddios atuais dos Estados Unidos para garantir que n\u00e3o estejam promovendo pol\u00edticas socialistas, como o silenciamento da liberdade de express\u00e3o.<\/p>\n<p style=\"text-align: justify;\" tabindex=\"0\"><strong>A nova administra\u00e7\u00e3o cogita reformular as pol\u00edticas de imigra\u00e7\u00e3o para apoiar dissidentes de regimes autorit\u00e1rios, especialmente na Am\u00e9rica Latina?<\/strong><\/p>\n<p style=\"text-align: justify;\" tabindex=\"0\">Os Estados Unidos sempre acolher\u00e3o aqueles que apresentarem pedidos legais de asilo para viver neste pa\u00eds. Muitos que escapam de persegui\u00e7\u00f5es pol\u00edticas por raz\u00f5es leg\u00edtimas devem ter permiss\u00e3o para buscar ref\u00fagio na liberdade americana.<\/p>\n<p style=\"text-align: justify;\" tabindex=\"0\"><strong>A senhora \u00e9 uma congressista muito popular entre a comunidade brasileira na Fl\u00f3rida. Como \u00e9 sua rela\u00e7\u00e3o com jornalistas, ativistas, intelectuais e outros cidad\u00e3os que se mudaram para os EUA em virtude do atual cen\u00e1rio pol\u00edtico no Brasil?<\/strong>\u00a0 Os brasileiros no sul da Fl\u00f3rida entendem, assim como os membros da minha comunidade cubano-americana, quais s\u00e3o os perigos do socialismo. Durante meses, a comunidade brasileira aqui soou o alarme sobre os perigos do silenciamento da liberdade de express\u00e3o pelo Supremo Tribunal Federal, e ouvimos seus alertas. Continuarei a trabalhar com membros da di\u00e1spora brasileira e seus l\u00edderes para garantir que seus interesses sejam representados no Congresso.<\/p>\n<div class=\"c-ads ads-desktop\">\n<div id=\"d-pos-post-5\" style=\"text-align: justify;\"><\/div>\n<\/div>\n<div class=\"c-view-more\" data-event-notes=\"veja-tambem\" data-tracker-view=\"true\" data-mrf-recirculation=\"Post - Veja tamb\u00e9m\"><\/div>\n<\/div>\n<\/div>\n<div class=\"wrapper\">\n<div class=\"wgt-article-box box-home-headlines wgt-headline\" data-event-notes=\"principais-manchetes\" data-tracker-view=\"true\" data-mrf-recirculation=\"Post - Principais Manchetes\">\n<div class=\"box-title\" title=\"Principais Manchetes\"><\/div>\n<\/div>\n<\/div>\n","protected":false},"excerpt":{"rendered":"<p>Reeleita para o terceiro mandato no Congresso americano, a deputada republicana Mar\u00eda Elvira Salazar \u00e9 famosa por sua postura firme diante dos regimes socialistas autorit\u00e1rios da Am\u00e9rica Latina. Entre os brasileiros, a representante da Fl\u00f3rida ficou mais conhecida quando participou de uma audi\u00eancia da C\u00e2mara dos EUA sobre a liberdade de express\u00e3o no Brasil. Ela [&hellip;]<\/p>\n","protected":false},"author":2,"featured_media":195819,"comment_status":"open","ping_status":"open","sticky":false,"template":"","format":"standard","meta":{"_monsterinsights_skip_tracking":false,"_monsterinsights_sitenote_active":false,"_monsterinsights_sitenote_note":"","_monsterinsights_sitenote_category":0},"categories":[2528,7,12],"tags":[2332,7907,2576,42281,28078,3014],"aioseo_notices":[],"_links":{"self":[{"href":"https:\/\/mspontocom.com.br\/site\/wp-json\/wp\/v2\/posts\/195810"}],"collection":[{"href":"https:\/\/mspontocom.com.br\/site\/wp-json\/wp\/v2\/posts"}],"about":[{"href":"https:\/\/mspontocom.com.br\/site\/wp-json\/wp\/v2\/types\/post"}],"author":[{"embeddable":true,"href":"https:\/\/mspontocom.com.br\/site\/wp-json\/wp\/v2\/users\/2"}],"replies":[{"embeddable":true,"href":"https:\/\/mspontocom.com.br\/site\/wp-json\/wp\/v2\/comments?post=195810"}],"version-history":[{"count":2,"href":"https:\/\/mspontocom.com.br\/site\/wp-json\/wp\/v2\/posts\/195810\/revisions"}],"predecessor-version":[{"id":195820,"href":"https:\/\/mspontocom.com.br\/site\/wp-json\/wp\/v2\/posts\/195810\/revisions\/195820"}],"wp:featuredmedia":[{"embeddable":true,"href":"https:\/\/mspontocom.com.br\/site\/wp-json\/wp\/v2\/media\/195819"}],"wp:attachment":[{"href":"https:\/\/mspontocom.com.br\/site\/wp-json\/wp\/v2\/media?parent=195810"}],"wp:term":[{"taxonomy":"category","embeddable":true,"href":"https:\/\/mspontocom.com.br\/site\/wp-json\/wp\/v2\/categories?post=195810"},{"taxonomy":"post_tag","embeddable":true,"href":"https:\/\/mspontocom.com.br\/site\/wp-json\/wp\/v2\/tags?post=195810"}],"curies":[{"name":"wp","href":"https:\/\/api.w.org\/{rel}","templated":true}]}}