{"id":195823,"date":"2024-12-02T05:10:15","date_gmt":"2024-12-02T09:10:15","guid":{"rendered":"https:\/\/mspontocom.com.br\/site\/?p=195823"},"modified":"2024-12-02T08:08:03","modified_gmt":"2024-12-02T12:08:03","slug":"ms-cria-politica-estadual-e-escola-de-defesa-do-consumidor","status":"publish","type":"post","link":"https:\/\/mspontocom.com.br\/site\/ms-cria-politica-estadual-e-escola-de-defesa-do-consumidor\/","title":{"rendered":"MS cria pol\u00edtica estadual e escola de defesa do consumidor"},"content":{"rendered":"<p style=\"text-align: justify;\"><img loading=\"lazy\" class=\"alignnone size-full wp-image-195831\" src=\"https:\/\/mspontocom.com.br\/site\/wp-content\/uploads\/2024\/12\/site-ms-cria-politica-estadual-e-escola-de-defesa-do-consumidor-procon.jpeg\" alt=\"\" width=\"730\" height=\"425\" srcset=\"https:\/\/mspontocom.com.br\/site\/wp-content\/uploads\/2024\/12\/site-ms-cria-politica-estadual-e-escola-de-defesa-do-consumidor-procon.jpeg 730w, https:\/\/mspontocom.com.br\/site\/wp-content\/uploads\/2024\/12\/site-ms-cria-politica-estadual-e-escola-de-defesa-do-consumidor-procon-260x151.jpeg 260w\" sizes=\"(max-width: 730px) 100vw, 730px\" \/>Resolu\u00e7\u00e3o publicada no Di\u00e1rio Oficial institui a <a href=\"https:\/\/www.spdo.ms.gov.br\/diariodoe\/Index\/Download\/DO11680_29_11_2024#page=111\" target=\"_blank\" rel=\"noopener\">Pol\u00edtica Estadual de Prote\u00e7\u00e3o, Orienta\u00e7\u00e3o, Defesa e Educa\u00e7\u00e3o do Consumidor<\/a>\u00a0em Mato Grosso do Sul.<\/p>\n<p style=\"text-align: justify;\">A proposta foi formulada por grupo de trabalho criado no Procon Mato Grosso do Sul\u00a0 e representantes dos 45 Procons municipais.<\/p>\n<p style=\"text-align: justify;\"><em><span style=\"font-size: 14pt;\">\u201cEste \u00e9 um marco hist\u00f3rico para a garantia dos direitos consumeristas no Estado e no pa\u00eds, ao se estabelecer diretrizes voltadas a uma atua\u00e7\u00e3o institucional integrada entre as organiza\u00e7\u00f5es p\u00fablicas, privadas e a sociedade civil\u201d,<\/span><\/em> pontua o secret\u00e1rio-executivo do Procon Mato Grosso do Sul, Angelo Motti.<\/p>\n<p style=\"text-align: justify;\">A\u00a0<a href=\"https:\/\/www.spdo.ms.gov.br\/diariodoe\/Index\/Download\/DO11680_29_11_2024#page=111\" target=\"_blank\" rel=\"noopener\">Resolu\u00e7\u00e3o Normativa Sead n\u00ba 71\/24<\/a>\u00a0pode ser consultada na \u00edntegra no\u00a0<a href=\"https:\/\/www.spdo.ms.gov.br\/diariodoe\/Index\/Download\/DO11680_29_11_2024#page=111\" target=\"_blank\" rel=\"noopener\">Di\u00e1rio Oficial do Estado de Mato Grosso do Sul<\/a>, publicado na sexta-feira (29).<\/p>\n<p style=\"text-align: justify;\"><em><strong>Continue ao nosso lado. Veja mais not\u00edcias em<\/strong><\/em>: <a href=\"http:\/\/www.mspontocom.com.br\">www.mspontocom.com.br<\/a><\/p>\n<p style=\"text-align: justify;\">Instagram \u00a0e X:\u00a0 @mspontocom<\/p>\n<p style=\"text-align: justify;\"><em>fonteKleber Clajus, Comunica\u00e7\u00e3o\u00a0<\/em><br \/>\n<em>Foto: Kleber Clajus<\/em><\/p>\n","protected":false},"excerpt":{"rendered":"<p>Resolu\u00e7\u00e3o publicada no Di\u00e1rio Oficial institui a Pol\u00edtica Estadual de Prote\u00e7\u00e3o, Orienta\u00e7\u00e3o, Defesa e Educa\u00e7\u00e3o do Consumidor\u00a0em Mato Grosso do Sul. A proposta foi formulada por grupo de trabalho criado no Procon Mato Grosso do Sul\u00a0 e representantes dos 45 Procons municipais. \u201cEste \u00e9 um marco hist\u00f3rico para a garantia dos direitos consumeristas no Estado [&hellip;]<\/p>\n","protected":false},"author":2,"featured_media":195831,"comment_status":"open","ping_status":"open","sticky":false,"template":"","format":"standard","meta":{"_monsterinsights_skip_tracking":false,"_monsterinsights_sitenote_active":false,"_monsterinsights_sitenote_note":"","_monsterinsights_sitenote_category":0},"categories":[74],"tags":[338,21772,680,81,42282],"aioseo_notices":[],"_links":{"self":[{"href":"https:\/\/mspontocom.com.br\/site\/wp-json\/wp\/v2\/posts\/195823"}],"collection":[{"href":"https:\/\/mspontocom.com.br\/site\/wp-json\/wp\/v2\/posts"}],"about":[{"href":"https:\/\/mspontocom.com.br\/site\/wp-json\/wp\/v2\/types\/post"}],"author":[{"embeddable":true,"href":"https:\/\/mspontocom.com.br\/site\/wp-json\/wp\/v2\/users\/2"}],"replies":[{"embeddable":true,"href":"https:\/\/mspontocom.com.br\/site\/wp-json\/wp\/v2\/comments?post=195823"}],"version-history":[{"count":2,"href":"https:\/\/mspontocom.com.br\/site\/wp-json\/wp\/v2\/posts\/195823\/revisions"}],"predecessor-version":[{"id":195832,"href":"https:\/\/mspontocom.com.br\/site\/wp-json\/wp\/v2\/posts\/195823\/revisions\/195832"}],"wp:featuredmedia":[{"embeddable":true,"href":"https:\/\/mspontocom.com.br\/site\/wp-json\/wp\/v2\/media\/195831"}],"wp:attachment":[{"href":"https:\/\/mspontocom.com.br\/site\/wp-json\/wp\/v2\/media?parent=195823"}],"wp:term":[{"taxonomy":"category","embeddable":true,"href":"https:\/\/mspontocom.com.br\/site\/wp-json\/wp\/v2\/categories?post=195823"},{"taxonomy":"post_tag","embeddable":true,"href":"https:\/\/mspontocom.com.br\/site\/wp-json\/wp\/v2\/tags?post=195823"}],"curies":[{"name":"wp","href":"https:\/\/api.w.org\/{rel}","templated":true}]}}